{"id":26027,"date":"2016-04-25T07:41:33","date_gmt":"2016-04-25T11:41:33","guid":{"rendered":"https:\/\/ocorreionews.com.br\/?p=26027"},"modified":"2016-04-25T07:41:33","modified_gmt":"2016-04-25T11:41:33","slug":"colisao-entre-carreta-e-camionete-deixa-tres-feridos-na-br-364-em-mineiros","status":"publish","type":"post","link":"https:\/\/www.ocorreionews.com.br\/acervo-correio\/?p=26027","title":{"rendered":"Colis\u00e3o entre carreta e camionete deixa tr\u00eas feridos na BR-364 em Mineiros"},"content":{"rendered":"<p>Um acidente de tr\u00e2nsito envolvendo uma camionete Silverado com placas de Santa Rita do Araguaia (GO) e um a Carreta com placas de Brusque (SP), foi registrado na tarde deste \u00faltimo domingo (24) na BR-364 entre Mineiros (GO) e o Posto 71.<br \/>\nTr\u00eas pessoas que estavam na camionete ficaram feridas, o condutor do ve\u00edculo identificado apenas com Edmundo de 68 anos, sua esposa Eurita e um neto que 14 anos que n\u00e3o teve sua identidade divulgada, todos foram encaminhados ao Hospital Municipal de Mineiros para receber atendimentos m\u00e9dicos, de acordo com informa\u00e7\u00f5es, Edmundo sofreu m\u00faltiplas fraturas e ser\u00e1 encaminhado para o Hurso em Santa Helena de Goi\u00e1s (GO).<\/p>\n<p>De acordo com o Policial Rodovi\u00e1rio, J. C\u00e2ndido, uma ultrapassagem proibida resultou no acidente. O motorista da carreta n\u00e3o quis comentar o assunto, mas, afirma que apenas fez uma manobra de desvio de outro caminh\u00e3o que estava no acostamento, ainda de acordo com ele, foi preciso ocupar um peda\u00e7o pequeno da sua faixa contram\u00e3o para executar a manobra. A camionete havia sa\u00eddo de Cachoeira Alta (GO) e tinha Santa Rita do Araguaia como destino final quando o acidente aconteceu.<\/p>\n<p>O outro caminh\u00e3o citado pelo motorista da carreta n\u00e3o ficou no local para prestar sua vers\u00e3o e at\u00e9 o momento n\u00e3o temos a informa\u00e7\u00e3o se o mesmo chegou a ser identificado. O filho do condutor da camionete, contou que ele, um irm\u00e3o e os pais haviam acabado de sair do Posto onde tinham parado para um descanso, de acordo com ele, por conta da idade o pai n\u00e3o abusa da velocidade.<\/p>\n<p>O filho do casal conta que j\u00e1 chegavam em Mineiros e n\u00e3o conseguiam contato com os pais que vinham logo atr\u00e1s, logo come\u00e7aram a estranhar tanta demora, o homem relatou que eles s\u00f3 decidiram retornar para ver o que havia acontecido quando perceberam na rodovia uma ambul\u00e2ncia do SAMU que passando em alta velocidade, quando voltaram se deparam com o acidente que aconteceu cerca de 25 KM de Mineiros. Confira as fotos:<\/p>\n<p><a href=\"https:\/\/ocorreionews.com.br\/wp-content\/uploads\/2016\/04\/20160425070217_dsc_0579.jpg\"><img loading=\"lazy\" decoding=\"async\" class=\"alignnone size-medium wp-image-26028\" src=\"https:\/\/ocorreionews.com.br\/wp-content\/uploads\/2016\/04\/20160425070217_dsc_0579-300x199.jpg\" alt=\"20160425070217_dsc_0579\" width=\"300\" height=\"199\" srcset=\"https:\/\/www.ocorreionews.com.br\/acervo-correio\/wp-content\/uploads\/2016\/04\/20160425070217_dsc_0579-300x199.jpg 300w, https:\/\/www.ocorreionews.com.br\/acervo-correio\/wp-content\/uploads\/2016\/04\/20160425070217_dsc_0579.jpg 700w\" sizes=\"auto, (max-width: 300px) 100vw, 300px\" \/><\/a> <a href=\"https:\/\/ocorreionews.com.br\/wp-content\/uploads\/2016\/04\/20160425070224_dsc_0584.jpg\"><img loading=\"lazy\" decoding=\"async\" class=\"alignnone size-medium wp-image-26029\" src=\"https:\/\/ocorreionews.com.br\/wp-content\/uploads\/2016\/04\/20160425070224_dsc_0584-300x199.jpg\" alt=\"20160425070224_dsc_0584\" width=\"300\" height=\"199\" srcset=\"https:\/\/www.ocorreionews.com.br\/acervo-correio\/wp-content\/uploads\/2016\/04\/20160425070224_dsc_0584-300x199.jpg 300w, https:\/\/www.ocorreionews.com.br\/acervo-correio\/wp-content\/uploads\/2016\/04\/20160425070224_dsc_0584.jpg 700w\" sizes=\"auto, (max-width: 300px) 100vw, 300px\" \/><\/a> <a href=\"https:\/\/ocorreionews.com.br\/wp-content\/uploads\/2016\/04\/20160425070224_dsc_0585.jpg\"><img loading=\"lazy\" decoding=\"async\" class=\"alignnone size-medium wp-image-26030\" src=\"https:\/\/ocorreionews.com.br\/wp-content\/uploads\/2016\/04\/20160425070224_dsc_0585-300x199.jpg\" alt=\"20160425070224_dsc_0585\" width=\"300\" height=\"199\" srcset=\"https:\/\/www.ocorreionews.com.br\/acervo-correio\/wp-content\/uploads\/2016\/04\/20160425070224_dsc_0585-300x199.jpg 300w, https:\/\/www.ocorreionews.com.br\/acervo-correio\/wp-content\/uploads\/2016\/04\/20160425070224_dsc_0585.jpg 700w\" sizes=\"auto, (max-width: 300px) 100vw, 300px\" \/><\/a><\/p>\n<p>Vale verde FM<\/p>\n","protected":false},"excerpt":{"rendered":"<p>Um acidente de tr\u00e2nsito envolvendo uma camionete Silverado com placas de Santa Rita do Araguaia (GO) e um a Carreta com placas de Brusque (SP), foi registrado na tarde deste \u00faltimo domingo (24) na BR-364 entre Mineiros (GO) e o Posto 71. Tr\u00eas pessoas que estavam na camionete ficaram feridas, o condutor do ve\u00edculo identificado [&hellip;]<\/p>\n","protected":false},"author":4,"featured_media":26031,"comment_status":"closed","ping_status":"closed","sticky":false,"template":"","format":"standard","meta":{"footnotes":""},"categories":[31,38],"tags":[],"class_list":["post-26027","post","type-post","status-publish","format-standard","has-post-thumbnail","hentry","category-geral","category-policia"],"_links":{"self":[{"href":"https:\/\/www.ocorreionews.com.br\/acervo-correio\/index.php?rest_route=\/wp\/v2\/posts\/26027","targetHints":{"allow":["GET"]}}],"collection":[{"href":"https:\/\/www.ocorreionews.com.br\/acervo-correio\/index.php?rest_route=\/wp\/v2\/posts"}],"about":[{"href":"https:\/\/www.ocorreionews.com.br\/acervo-correio\/index.php?rest_route=\/wp\/v2\/types\/post"}],"author":[{"embeddable":true,"href":"https:\/\/www.ocorreionews.com.br\/acervo-correio\/index.php?rest_route=\/wp\/v2\/users\/4"}],"replies":[{"embeddable":true,"href":"https:\/\/www.ocorreionews.com.br\/acervo-correio\/index.php?rest_route=%2Fwp%2Fv2%2Fcomments&post=26027"}],"version-history":[{"count":0,"href":"https:\/\/www.ocorreionews.com.br\/acervo-correio\/index.php?rest_route=\/wp\/v2\/posts\/26027\/revisions"}],"wp:featuredmedia":[{"embeddable":true,"href":"https:\/\/www.ocorreionews.com.br\/acervo-correio\/index.php?rest_route=\/wp\/v2\/media\/26031"}],"wp:attachment":[{"href":"https:\/\/www.ocorreionews.com.br\/acervo-correio\/index.php?rest_route=%2Fwp%2Fv2%2Fmedia&parent=26027"}],"wp:term":[{"taxonomy":"category","embeddable":true,"href":"https:\/\/www.ocorreionews.com.br\/acervo-correio\/index.php?rest_route=%2Fwp%2Fv2%2Fcategories&post=26027"},{"taxonomy":"post_tag","embeddable":true,"href":"https:\/\/www.ocorreionews.com.br\/acervo-correio\/index.php?rest_route=%2Fwp%2Fv2%2Ftags&post=26027"}],"curies":[{"name":"wp","href":"https:\/\/api.w.org\/{rel}","templated":true}]}}