{"id":26035,"date":"2016-04-25T08:08:25","date_gmt":"2016-04-25T12:08:25","guid":{"rendered":"https:\/\/ocorreionews.com.br\/?p=26035"},"modified":"2016-04-25T08:08:25","modified_gmt":"2016-04-25T12:08:25","slug":"senado-elege-nesta-segunda-comissao-do-impeachment","status":"publish","type":"post","link":"https:\/\/www.ocorreionews.com.br\/acervo-correio\/?p=26035","title":{"rendered":"Senado elege nesta segunda comiss\u00e3o do impeachment"},"content":{"rendered":"<p>O plen\u00e1rio do Senado elege, a partir das 14h desta segunda-feira (25), os 21 membros titulares e 21 suplentes da comiss\u00e3o especial que analisar\u00e1 as acusa\u00e7\u00f5es contra a presidente Dilma Rousseff no processo de impeachment.<\/p>\n<p>Nos \u00faltimos dias, os partidos indicaram nomes para compor o colegiado, de acordo com o tamanho das bancadas <em>(veja ao final desta reportagem cada um dos indicados)<\/em>. O PMDB, por ter mais senadores, ter\u00e1 5 integrantes. Os blocos do PSDB e do PT ter\u00e3o 4 cada um.<\/p>\n<p>A elei\u00e7\u00e3o ocorre em meio \u00e0 pol\u00eamica sobre quem dever\u00e1 assumir a relatoria do processo. O PMDB indicou o senador Raimundo Lira (PMDB-PB) para a presid\u00eancia da comiss\u00e3o \u2013 nome que foi bem aceito por oposi\u00e7\u00e3o e governo. Mas o PSDB, que integra o segundo maior bloco do Senado, quer indicar o senador Ant\u00f4nio Anastasia (PSDB-MG) para a relatoria.<\/p>\n<p>O tucano ficaria respons\u00e1vel por elaborar parecer pela admissibilidade ou n\u00e3o do processo. Se for instaurado o procedimento de impeachment, Dilma ter\u00e1 que se afastar da Presid\u00eancia por 180 dias. Tamb\u00e9m cabe ao relator elaborar parecer final sobre o m\u00e9rito das acusa\u00e7\u00f5es, recomendando ou n\u00e3o a cassa\u00e7\u00e3o do mandato.<\/p>\n<p>Desde que a indica\u00e7\u00e3o de Anastasia foi anunciada pela lideran\u00e7a do PSDB, petistas vieram a p\u00fablico criticar a escolha. Para o senador <span class=\"premium-tip\">Jorge Viana<\/span> (PT-AC), a relatoria n\u00e3o pode ficar nem com PT nem com PSDB.<\/p>\n<p>\u201cO pior caminho \u00e9 o PSDB bater o p\u00e9 e o A\u00e9cio Neves indicar a relatoria. O ideal \u00e9 que tiv\u00e9ssemos algu\u00e9m que fosse de outra for\u00e7a pol\u00edtica. Que n\u00e3o fosse do PT nem do PSDB. Queremos um colega senador ou senadora que tenha isen\u00e7\u00e3o\u201d, afirmou Jorge Viana.<\/p>\n<p>Mas o l\u00edder do PSDB no Senado, C\u00e1ssio Cunha Lima (PB), insiste que a relatoria fique com o partido e defende que Anastasia atuar\u00e1 com \u201cequil\u00edbrio\u201d.<\/p>\n<div class=\"saibamais componente_materia\">&#8220;N\u00e3o compete ao PT opinar sobre isso [indica\u00e7\u00e3o de Anastasia]. Vamos submeter a voto. Existe um entendimento de que ser\u00e1 respeitada a proporcionalidade. E nesse crit\u00e9rio cabe ao PMDB a presid\u00eancia e ao PSDB a relatoria. Mais uma vez o que o PT tentar\u00e1 fazer \u00e9 impedir as investiga\u00e7\u00f5es e obstruir o processo&#8221;, disse, na semana passada.<\/p>\n<p><strong>Instala\u00e7\u00e3o<\/strong><br \/>\nA expectativa \u00e9 que a instala\u00e7\u00e3o da comiss\u00e3o especial, com elei\u00e7\u00e3o do presidente e relator, ocorra ainda na segunda. A partir desse momento, o relator ter\u00e1 10 dias \u00fateis para elaborar um parecer pela admissibilidade ou n\u00e3o do processo de impeachment. O relat\u00f3rio \u00e9 votado na comiss\u00e3o e depois submetido ao plen\u00e1rio. A oposi\u00e7\u00e3o quer concluir a vota\u00e7\u00e3o no plen\u00e1rio entre os dias 11 e 15 de maio.<\/p>\n<p>Para que Dilma seja afastada por at\u00e9 180 dias, basta o voto da maioria \u2013 41 dos 81 senadores. Se isso ocorrer, inicia-se a fase de coleta de provas, o presidente do Supremo Tribunal Federal (STF), Ricardo Lewandowski, assumir\u00e1 a condu\u00e7\u00e3o do processo e Dilma ter\u00e1 direito de apresentar defesa. Para cassar o mandato da presidente, o qu\u00f3rum exigido \u00e9 maior \u2013 dois ter\u00e7os, ou 54 dos 81 senadores.<\/p>\n<p>Veja a lista completa de senadores indicados para a comiss\u00e3o do impeachment:<\/p>\n<p><strong>PMDB (5 vagas)<\/strong><br \/>\n\u2013 Titulares<br \/>\nRaimundo Lira (PB)<br \/>\nRose de Freitas (ES)<br \/>\nSimone Tebet (MS)<br \/>\nJos\u00e9 Maranh\u00e3o (PB)<br \/>\nWaldemir Moka (MS)<br \/>\n\u2013 Suplentes<br \/>\nH\u00e9lio Jos\u00e9 (DF)<br \/>\nMarta Suplicy (SP)<br \/>\nGaribaldi Alves (RN)<br \/>\nJo\u00e3o Alberto Souza (MA)<br \/>\nD\u00e1rio Berger (SC)<\/p>\n<p><strong>Bloco da oposi\u00e7\u00e3o (PSDB, DEM e PV, 4 vagas)<\/strong><br \/>\n\u2013 Titulares<br \/>\nAloysio Nunes (PSDB-SP)<br \/>\nAnt\u00f4nio Anastasia (PSDB-MG)<br \/>\nC\u00e1ssio Cunha Lima (PSDB-PB)<br \/>\nRonaldo Caiado (DEM-GO)<br \/>\n\u2013 Suplentes<br \/>\nTasso Jereissati (PSDB-CE)<br \/>\nRicardo Ferra\u00e7o (PSDB-ES)<br \/>\nPaulo Bauer (PSDB-SC)<br \/>\nDavi Alcolumbre (DEM-AP)<\/p>\n<p><strong>Bloco de Apoio ao Governo (PT e PDT, 4 vagas)<\/strong><br \/>\n\u2013 Titulares<br \/>\nLindbergh Farias (PT-RJ)<br \/>\nGleisi Hoffmann (PT-PR)<br \/>\nJos\u00e9 Pimentel (PT-CE)<br \/>\nTelm\u00e1rio Mota (PDT-RR)<br \/>\n\u2013 Suplentes<br \/>\nHumberto Costa (PT-PE)<br \/>\nF\u00e1tima Bezerra (PT-RN)<br \/>\nAcir Gurgacz (PDT-RO)<br \/>\nJo\u00e3o Capiberibe (PSB-AP)*<br \/>\n*O PT cedeu uma vaga de supl\u00eancia ao PSB.<\/p>\n<p><strong>Bloco Moderador (PTB, PR, PSC, PRB e PTC, 2 vagas)<\/strong><br \/>\n\u2013 Titulares<br \/>\nWellington Fagundes (PR-MT)<br \/>\nZez\u00e9 Perrella (PTB-MG)<br \/>\n\u2013 Suplentes<br \/>\nEduardo Amorim (PSC-SE)<br \/>\nMagno Malta (PR-ES)<\/p>\n<p><strong>Bloco Democracia Progressista (PP e PSD, 3 vagas)<\/strong><br \/>\n\u2013 Titulares<br \/>\nJos\u00e9 Medeiros (PSD-MT)<br \/>\nAna Am\u00e9lia Lemos (PP-RS)<br \/>\nGladson Cameli (PP-AC)<br \/>\n\u2013 Suplentes<br \/>\nOtto Alencar (PSD-BA)<br \/>\nS\u00e9rgio Petec\u00e3o (PSD-AC)<br \/>\nWilder Moraes (PP-GO)<\/p>\n<p><strong>Bloco socialismo e democracia (PSB, PPS, PC do B e Rede, 3 vagas)<\/strong><br \/>\n\u2013 Titulares<br \/>\nFernando Bezerra (PSB-PE)<br \/>\nRom\u00e1rio (PSB-RJ)<br \/>\nVanessa Grazziotin (PC do B-AM)<br \/>\n\u2013 Suplentes<br \/>\nRoberto Rocha (PSB-MA)<br \/>\nRandolfe Rodrigues (Rede-AP)<br \/>\nCristovam Buarque (PPS-DF)<\/div>\n<div class=\"saibamais componente_materia\"><\/div>\n<div class=\"saibamais componente_materia\"><\/div>\n<div class=\"saibamais componente_materia\"><\/div>\n<div class=\"saibamais componente_materia\"><\/div>\n<div class=\"saibamais componente_materia\">G1 Brasilia<\/div>\n","protected":false},"excerpt":{"rendered":"<p>O plen\u00e1rio do Senado elege, a partir das 14h desta segunda-feira (25), os 21 membros titulares e 21 suplentes da comiss\u00e3o especial que analisar\u00e1 as acusa\u00e7\u00f5es contra a presidente Dilma Rousseff no processo de impeachment. Nos \u00faltimos dias, os partidos indicaram nomes para compor o colegiado, de acordo com o tamanho das bancadas (veja ao [&hellip;]<\/p>\n","protected":false},"author":4,"featured_media":25611,"comment_status":"closed","ping_status":"closed","sticky":false,"template":"","format":"standard","meta":{"footnotes":""},"categories":[37],"tags":[],"class_list":["post-26035","post","type-post","status-publish","format-standard","has-post-thumbnail","hentry","category-politica"],"_links":{"self":[{"href":"https:\/\/www.ocorreionews.com.br\/acervo-correio\/index.php?rest_route=\/wp\/v2\/posts\/26035","targetHints":{"allow":["GET"]}}],"collection":[{"href":"https:\/\/www.ocorreionews.com.br\/acervo-correio\/index.php?rest_route=\/wp\/v2\/posts"}],"about":[{"href":"https:\/\/www.ocorreionews.com.br\/acervo-correio\/index.php?rest_route=\/wp\/v2\/types\/post"}],"author":[{"embeddable":true,"href":"https:\/\/www.ocorreionews.com.br\/acervo-correio\/index.php?rest_route=\/wp\/v2\/users\/4"}],"replies":[{"embeddable":true,"href":"https:\/\/www.ocorreionews.com.br\/acervo-correio\/index.php?rest_route=%2Fwp%2Fv2%2Fcomments&post=26035"}],"version-history":[{"count":0,"href":"https:\/\/www.ocorreionews.com.br\/acervo-correio\/index.php?rest_route=\/wp\/v2\/posts\/26035\/revisions"}],"wp:featuredmedia":[{"embeddable":true,"href":"https:\/\/www.ocorreionews.com.br\/acervo-correio\/index.php?rest_route=\/wp\/v2\/media\/25611"}],"wp:attachment":[{"href":"https:\/\/www.ocorreionews.com.br\/acervo-correio\/index.php?rest_route=%2Fwp%2Fv2%2Fmedia&parent=26035"}],"wp:term":[{"taxonomy":"category","embeddable":true,"href":"https:\/\/www.ocorreionews.com.br\/acervo-correio\/index.php?rest_route=%2Fwp%2Fv2%2Fcategories&post=26035"},{"taxonomy":"post_tag","embeddable":true,"href":"https:\/\/www.ocorreionews.com.br\/acervo-correio\/index.php?rest_route=%2Fwp%2Fv2%2Ftags&post=26035"}],"curies":[{"name":"wp","href":"https:\/\/api.w.org\/{rel}","templated":true}]}}