{"id":26056,"date":"2016-04-25T10:50:56","date_gmt":"2016-04-25T14:50:56","guid":{"rendered":"https:\/\/ocorreionews.com.br\/?p=26056"},"modified":"2016-04-25T10:50:56","modified_gmt":"2016-04-25T14:50:56","slug":"refinanciamento-de-dividas-do-setor-rural-avanca-na-camara","status":"publish","type":"post","link":"https:\/\/www.ocorreionews.com.br\/acervo-correio\/?p=26056","title":{"rendered":"Refinanciamento de d\u00edvidas do setor rural avan\u00e7a na C\u00e2mara"},"content":{"rendered":"<div id=\"ctl00_cphConteudo_UcNoticiasDetalhe1_ucNoticia1_corpoNoticia\" class=\"corpo\">\n<p>Foi aprovado na semana passada o parecer do deputado federal Marx Beltr\u00e3o (PMDB-AL), relator da Medida Provis\u00f3ria 707\/2015, que prorroga o prazo para o refinanciamento de d\u00edvidas de caminhoneiros e produtores rurais. O texto votado na comiss\u00e3o mista autoriza o BNDES a repactuar contratos de aquisi\u00e7\u00e3o de caminh\u00f5es, tratores e acess\u00f3rios.<\/p>\n<p>A proposta prorroga at\u00e9 30 de dezembro de 2016 o prazo para a formaliza\u00e7\u00e3o de refinanciamento de empr\u00e9stimos contra\u00eddos por caminhoneiros ou cooperativas de transportes. O prazo anterior venceu no \u00faltimo dia 31 de dezembro de 2015.<\/p>\n<p>De acordo com Beltr\u00e3o, a MP vai beneficiar ainda pequenos produtores do Nordeste, que perderam lavouras em raz\u00e3o da estiagem. \u201cCom essa renegocia\u00e7\u00e3o, eles v\u00e3o poder pagar suas d\u00edvidas, manter suas terras sem perd\u00ea-las para os bancos em leil\u00f5es e, ao mesmo tempo, voltar a produzir\u201d, afirmou.<\/p>\n<p>O texto aprovado teve diversas modifica\u00e7\u00f5es em rela\u00e7\u00e3o \u00e0 MP original, incluindo a prorroga\u00e7\u00e3o do prazo para inscri\u00e7\u00e3o de im\u00f3veis no Cadastro Ambiental Rural (CAR) para 31 de dezembro de 2017. Segundo o relator, a prorroga\u00e7\u00e3o vai possibilitar o acesso ao cr\u00e9dito e ao refinanciamento aos devedores que n\u00e3o estejam cadastrados no CAR.<\/p>\n<p>\u201cAlguns estados da federa\u00e7\u00e3o n\u00e3o conseguiram avan\u00e7ar em rela\u00e7\u00e3o ao Cadastro Ambiental Rural. No Nordeste, apenas um ter\u00e7o das propriedades foram cadastradas. Isso ia terminar impedindo o cr\u00e9dito, j\u00e1 que o prazo para cadastramento vence no in\u00edcio de maio\u201d, observou o presidente da comiss\u00e3o mista, senador Fernando Bezerra Coelho (PSB-PE).<\/p>\n<p>O texto deve ainda ser votado nos plen\u00e1rios da C\u00e2mara dos Deputados e do Senado. Isso pode demorar em fun\u00e7\u00e3o da an\u00e1lise do processo de impeachment da presidente Dilma Rousseff pelos senadores \u2013 tema que monopoliza todas as aten\u00e7\u00f5es na Casa.<\/p>\n<\/div>\n<p>&nbsp;<\/p>\n<div class=\"data cor\"><strong>Agrolink<\/strong><\/div>\n<div class=\"data cor\"><strong>Autor: Leonardo Gottems<\/strong><\/div>\n","protected":false},"excerpt":{"rendered":"<p>Foi aprovado na semana passada o parecer do deputado federal Marx Beltr\u00e3o (PMDB-AL), relator da Medida Provis\u00f3ria 707\/2015, que prorroga o prazo para o refinanciamento de d\u00edvidas de caminhoneiros e produtores rurais. O texto votado na comiss\u00e3o mista autoriza o BNDES a repactuar contratos de aquisi\u00e7\u00e3o de caminh\u00f5es, tratores e acess\u00f3rios. A proposta prorroga at\u00e9 [&hellip;]<\/p>\n","protected":false},"author":4,"featured_media":26058,"comment_status":"closed","ping_status":"closed","sticky":false,"template":"","format":"standard","meta":{"footnotes":""},"categories":[17,26],"tags":[],"class_list":["post-26056","post","type-post","status-publish","format-standard","has-post-thumbnail","hentry","category-agropecuaria","category-economia"],"_links":{"self":[{"href":"https:\/\/www.ocorreionews.com.br\/acervo-correio\/index.php?rest_route=\/wp\/v2\/posts\/26056","targetHints":{"allow":["GET"]}}],"collection":[{"href":"https:\/\/www.ocorreionews.com.br\/acervo-correio\/index.php?rest_route=\/wp\/v2\/posts"}],"about":[{"href":"https:\/\/www.ocorreionews.com.br\/acervo-correio\/index.php?rest_route=\/wp\/v2\/types\/post"}],"author":[{"embeddable":true,"href":"https:\/\/www.ocorreionews.com.br\/acervo-correio\/index.php?rest_route=\/wp\/v2\/users\/4"}],"replies":[{"embeddable":true,"href":"https:\/\/www.ocorreionews.com.br\/acervo-correio\/index.php?rest_route=%2Fwp%2Fv2%2Fcomments&post=26056"}],"version-history":[{"count":0,"href":"https:\/\/www.ocorreionews.com.br\/acervo-correio\/index.php?rest_route=\/wp\/v2\/posts\/26056\/revisions"}],"wp:featuredmedia":[{"embeddable":true,"href":"https:\/\/www.ocorreionews.com.br\/acervo-correio\/index.php?rest_route=\/wp\/v2\/media\/26058"}],"wp:attachment":[{"href":"https:\/\/www.ocorreionews.com.br\/acervo-correio\/index.php?rest_route=%2Fwp%2Fv2%2Fmedia&parent=26056"}],"wp:term":[{"taxonomy":"category","embeddable":true,"href":"https:\/\/www.ocorreionews.com.br\/acervo-correio\/index.php?rest_route=%2Fwp%2Fv2%2Fcategories&post=26056"},{"taxonomy":"post_tag","embeddable":true,"href":"https:\/\/www.ocorreionews.com.br\/acervo-correio\/index.php?rest_route=%2Fwp%2Fv2%2Ftags&post=26056"}],"curies":[{"name":"wp","href":"https:\/\/api.w.org\/{rel}","templated":true}]}}