{"id":26060,"date":"2016-04-25T10:59:08","date_gmt":"2016-04-25T14:59:08","guid":{"rendered":"https:\/\/ocorreionews.com.br\/?p=26060"},"modified":"2016-04-25T11:00:35","modified_gmt":"2016-04-25T15:00:35","slug":"eua-goias-e-citado-como-exemplo-de-gestao-publica","status":"publish","type":"post","link":"https:\/\/www.ocorreionews.com.br\/acervo-correio\/?p=26060","title":{"rendered":"EUA: Goi\u00e1s \u00e9 citado como exemplo de gest\u00e3o p\u00fablica"},"content":{"rendered":"<blockquote><p><em>Governador Marconi participa da 2\u00aa Brazil Conference, em Boston, na Universidade de Harvard; cientista pol\u00edtico Luiz Felipe d&#8217;Avial afirmou em sua apresenta\u00e7\u00e3o que o futuro do Brasil est\u00e1 nos estados e munic\u00edpios; ele citou Goi\u00e1s como\u00a0exemplo de administra\u00e7\u00e3o que &#8220;tem tido a coragem de tomar medidas austeras, \u00e0s vezes at\u00e9 impopulares, em nome da efici\u00eancia da gest\u00e3o p\u00fablica&#8221;; neste s\u00e1bado, Marconi \u00e9 um dos palestrante e vai falar sobre o desenvolvimento do Estado em \u00e9poca de forte crise econ\u00f4mica.<\/em><\/p><\/blockquote>\n<p>O governador Marconi Perillo participou nesta sexta-feira (22), na Universidade de Harvard, em Boston (EUA), da programa\u00e7\u00e3o da 2\u00aa Brazil Conference, que debate o atual cen\u00e1rio pol\u00edtico e econ\u00f4mico brasileiro e mundial. Neste s\u00e1bado, Marconi ser\u00e1 um dos palestrantes e vai falar sobre alternativas de desenvolvimento para o Brasil.<\/p>\n<p>Ao lado do secret\u00e1rio de Desenvolvimento Econ\u00f4mico, Thiago Peixoto, Marconi assistiu \u00e0 an\u00e1lise do renomado cientista pol\u00edtico Luiz Felipe d&#8217;Avila. Em sua apresenta\u00e7\u00e3o, afirmou que o futuro do Brasil est\u00e1 nos estados e munic\u00edpios, onde vem crescendo o profissionalismo na gest\u00e3o p\u00fablica.<\/p>\n<p>O cientista citou como exemplo o governo de Goi\u00e1s, que &#8220;tem tido a coragem de tomar medidas austeras, \u00e0s vezes at\u00e9 impopulares, em nome da efici\u00eancia da gest\u00e3o p\u00fablica&#8221;. Luiz Felipe disse ainda ver o Brasil &#8220;viciado&#8221; em pol\u00edticos populistas e muito dependente das a\u00e7\u00f5es do poder p\u00fablico.<\/p>\n<p style=\"text-align: justify;\">Marconi afirmou que os temas dos debates da Brazil Conference v\u00e3o ao encontro das necessidades e do que vem sendo aplicado em Goi\u00e1s. &#8220;H\u00e1 uma demanda em todo o mundo por gest\u00e3o eficiente, racional e que preste servi\u00e7o de qualidade aos cidad\u00e3os. Em Goi\u00e1s, estamos neste caminho desde o meu primeiro governo. A forte crise nos obrigou a tomar medidas duras, por\u00e9m necess\u00e1rias. Tanto que Goi\u00e1s \u00e9 hoje um Estado vi\u00e1vel e com seus compromissos em dia, ao passo que outras federa\u00e7\u00f5es do Brasil passam por enormes dificuldades&#8221;, observou o governador.<\/p>\n<p>&nbsp;<\/p>\n<p>&nbsp;<\/p>\n","protected":false},"excerpt":{"rendered":"<p>Governador Marconi participa da 2\u00aa Brazil Conference, em Boston, na Universidade de Harvard; cientista pol\u00edtico Luiz Felipe d&#8217;Avial afirmou em sua apresenta\u00e7\u00e3o que o futuro do Brasil est\u00e1 nos estados e munic\u00edpios; ele citou Goi\u00e1s como\u00a0exemplo de administra\u00e7\u00e3o que &#8220;tem tido a coragem de tomar medidas austeras, \u00e0s vezes at\u00e9 impopulares, em nome da efici\u00eancia [&hellip;]<\/p>\n","protected":false},"author":4,"featured_media":26063,"comment_status":"closed","ping_status":"closed","sticky":false,"template":"","format":"standard","meta":{"footnotes":""},"categories":[26,31],"tags":[],"class_list":["post-26060","post","type-post","status-publish","format-standard","has-post-thumbnail","hentry","category-economia","category-geral"],"_links":{"self":[{"href":"https:\/\/www.ocorreionews.com.br\/acervo-correio\/index.php?rest_route=\/wp\/v2\/posts\/26060","targetHints":{"allow":["GET"]}}],"collection":[{"href":"https:\/\/www.ocorreionews.com.br\/acervo-correio\/index.php?rest_route=\/wp\/v2\/posts"}],"about":[{"href":"https:\/\/www.ocorreionews.com.br\/acervo-correio\/index.php?rest_route=\/wp\/v2\/types\/post"}],"author":[{"embeddable":true,"href":"https:\/\/www.ocorreionews.com.br\/acervo-correio\/index.php?rest_route=\/wp\/v2\/users\/4"}],"replies":[{"embeddable":true,"href":"https:\/\/www.ocorreionews.com.br\/acervo-correio\/index.php?rest_route=%2Fwp%2Fv2%2Fcomments&post=26060"}],"version-history":[{"count":0,"href":"https:\/\/www.ocorreionews.com.br\/acervo-correio\/index.php?rest_route=\/wp\/v2\/posts\/26060\/revisions"}],"wp:featuredmedia":[{"embeddable":true,"href":"https:\/\/www.ocorreionews.com.br\/acervo-correio\/index.php?rest_route=\/wp\/v2\/media\/26063"}],"wp:attachment":[{"href":"https:\/\/www.ocorreionews.com.br\/acervo-correio\/index.php?rest_route=%2Fwp%2Fv2%2Fmedia&parent=26060"}],"wp:term":[{"taxonomy":"category","embeddable":true,"href":"https:\/\/www.ocorreionews.com.br\/acervo-correio\/index.php?rest_route=%2Fwp%2Fv2%2Fcategories&post=26060"},{"taxonomy":"post_tag","embeddable":true,"href":"https:\/\/www.ocorreionews.com.br\/acervo-correio\/index.php?rest_route=%2Fwp%2Fv2%2Ftags&post=26060"}],"curies":[{"name":"wp","href":"https:\/\/api.w.org\/{rel}","templated":true}]}}