{"id":26068,"date":"2016-04-25T13:00:56","date_gmt":"2016-04-25T17:00:56","guid":{"rendered":"https:\/\/ocorreionews.com.br\/?p=26068"},"modified":"2016-04-25T13:37:39","modified_gmt":"2016-04-25T17:37:39","slug":"crianca-desaparecida-e-encontrada-na-casa-de-primo","status":"publish","type":"post","link":"https:\/\/www.ocorreionews.com.br\/acervo-correio\/?p=26068","title":{"rendered":"Crian\u00e7a desaparecida \u00e9 encontrada na casa de primo"},"content":{"rendered":"<p>Ellen Barbosa, de 11 anos, que estava desaparecida desde a \u00faltima ter\u00e7a-feira (19), foi localizada na \u00faltima sexta-feira (22), no Bairro Los Angeles, regi\u00e3o sul de\u00a0Campo Grande. A crian\u00e7a\u00a0que mora na cidade de Bandeirantes, a 68 quil\u00f4metros da\u00a0Capital, foi encontrada\u00a0na casa de um homem\u00a0de 72 anos, primo distante da fam\u00edlia.<\/p>\n<p>A reportagem do <strong>Portal Correio do Estado<\/strong>, entrou em contato com a m\u00e3e da menina, Cristiane Barbosa que conversou com a menina\u00a0sobre o motivo do desaparecimento. \u201cEla me disse que saiu de casa porque briguei com ela\u201d, comentou.<\/p>\n<p>A crian\u00e7a foi encontrada por uma prima que mora no mesmo\u00a0bairro que o homem de 72 anos. Cristiane comentou que ele teria levado a crian\u00e7a para Campo Grande sem seu conhecimento. A menina j\u00e1 retornou \u00e0\u00a0cidade de Bandeirantes\u00a0e, segundo a m\u00e3e, passa bem.<\/p>\n<p>&nbsp;<\/p>\n<p>&nbsp;<\/p>\n<p>&nbsp;<\/p>\n<p>Correio do Estado<\/p>\n","protected":false},"excerpt":{"rendered":"<p>Ellen Barbosa, de 11 anos, que estava desaparecida desde a \u00faltima ter\u00e7a-feira (19), foi localizada na \u00faltima sexta-feira (22), no Bairro Los Angeles, regi\u00e3o sul de\u00a0Campo Grande. A crian\u00e7a\u00a0que mora na cidade de Bandeirantes, a 68 quil\u00f4metros da\u00a0Capital, foi encontrada\u00a0na casa de um homem\u00a0de 72 anos, primo distante da fam\u00edlia. A reportagem do Portal Correio [&hellip;]<\/p>\n","protected":false},"author":4,"featured_media":25923,"comment_status":"closed","ping_status":"closed","sticky":false,"template":"","format":"standard","meta":{"footnotes":""},"categories":[38],"tags":[],"class_list":["post-26068","post","type-post","status-publish","format-standard","has-post-thumbnail","hentry","category-policia"],"_links":{"self":[{"href":"https:\/\/www.ocorreionews.com.br\/acervo-correio\/index.php?rest_route=\/wp\/v2\/posts\/26068","targetHints":{"allow":["GET"]}}],"collection":[{"href":"https:\/\/www.ocorreionews.com.br\/acervo-correio\/index.php?rest_route=\/wp\/v2\/posts"}],"about":[{"href":"https:\/\/www.ocorreionews.com.br\/acervo-correio\/index.php?rest_route=\/wp\/v2\/types\/post"}],"author":[{"embeddable":true,"href":"https:\/\/www.ocorreionews.com.br\/acervo-correio\/index.php?rest_route=\/wp\/v2\/users\/4"}],"replies":[{"embeddable":true,"href":"https:\/\/www.ocorreionews.com.br\/acervo-correio\/index.php?rest_route=%2Fwp%2Fv2%2Fcomments&post=26068"}],"version-history":[{"count":0,"href":"https:\/\/www.ocorreionews.com.br\/acervo-correio\/index.php?rest_route=\/wp\/v2\/posts\/26068\/revisions"}],"wp:featuredmedia":[{"embeddable":true,"href":"https:\/\/www.ocorreionews.com.br\/acervo-correio\/index.php?rest_route=\/wp\/v2\/media\/25923"}],"wp:attachment":[{"href":"https:\/\/www.ocorreionews.com.br\/acervo-correio\/index.php?rest_route=%2Fwp%2Fv2%2Fmedia&parent=26068"}],"wp:term":[{"taxonomy":"category","embeddable":true,"href":"https:\/\/www.ocorreionews.com.br\/acervo-correio\/index.php?rest_route=%2Fwp%2Fv2%2Fcategories&post=26068"},{"taxonomy":"post_tag","embeddable":true,"href":"https:\/\/www.ocorreionews.com.br\/acervo-correio\/index.php?rest_route=%2Fwp%2Fv2%2Ftags&post=26068"}],"curies":[{"name":"wp","href":"https:\/\/api.w.org\/{rel}","templated":true}]}}