{"id":26070,"date":"2016-04-25T13:59:36","date_gmt":"2016-04-25T17:59:36","guid":{"rendered":"https:\/\/ocorreionews.com.br\/?p=26070"},"modified":"2016-04-25T13:59:36","modified_gmt":"2016-04-25T17:59:36","slug":"pauta-para-a-sessao-ordinaria-desta-segunda-feira-2","status":"publish","type":"post","link":"https:\/\/www.ocorreionews.com.br\/acervo-correio\/?p=26070","title":{"rendered":"Pauta para a Sess\u00e3o Ordin\u00e1ria desta segunda-feira"},"content":{"rendered":"<p align=\"center\"><strong><u>PAUTA PARA A 1102\u00aa SESS\u00c3O ORDIN\u00c1RIA,<\/u><\/strong><\/p>\n<p align=\"center\"><strong><u>DA 4\u00aa<\/u><\/strong>\u00a0<strong><u>SESS\u00c3O<\/u><\/strong>\u00a0<strong><u>LEGISLATIVA,<\/u><\/strong><\/p>\n<p align=\"center\"><strong><u>DA 7\u00aa LEGISLATURA, A REALIZAR-SE<\/u><\/strong><\/p>\n<p align=\"center\"><strong><u>NO DIA 25\/04\/2016 \u2013 SEGUNDA -FEIRA<\/u><\/strong><\/p>\n<p align=\"center\"><strong><u>\u00c0S 19h<\/u><\/strong><\/p>\n<p>&nbsp;<\/p>\n<p align=\"center\"><strong><u>ORDEM DO DIA<\/u><\/strong><\/p>\n<p>&nbsp;<\/p>\n<p><strong>&#8211; O Projeto de Lei n. 158\/2015. \u201cDisp\u00f5e sobre a contrata\u00e7\u00e3o de menor aprendiz no \u00e2mbito do Munic\u00edpio de Chapad\u00e3o do Sul e d\u00e1 outras provid\u00eancias\u201d.<\/strong><\/p>\n<p><strong>&#8211; Projeto de Lei n. 191\/2016. Executivo que: &#8220;Concede Revis\u00e3o Geral anual aos profissionais do magist\u00e9rio p\u00fablico da Educa\u00e7\u00e3o B\u00e1sica\u201d.<\/strong><\/p>\n<p>&nbsp;<\/p>\n<p>&nbsp;<\/p>\n<p>&nbsp;<\/p>\n<p align=\"center\"><strong>SECRETARIA DAS SESS\u00d5ES, 25 DE ABRIL DE 2016.<\/strong><\/p>\n<p align=\"center\"><strong>Jacqueline C. Tomiazzi Belotti,<\/strong><\/p>\n<p align=\"center\"><strong>Coordenadora de Atividades Legislativa.<\/strong><\/p>\n","protected":false},"excerpt":{"rendered":"<p>PAUTA PARA A 1102\u00aa SESS\u00c3O ORDIN\u00c1RIA, DA 4\u00aa\u00a0SESS\u00c3O\u00a0LEGISLATIVA, DA 7\u00aa LEGISLATURA, A REALIZAR-SE NO DIA 25\/04\/2016 \u2013 SEGUNDA -FEIRA \u00c0S 19h &nbsp; ORDEM DO DIA &nbsp; &#8211; O Projeto de Lei n. 158\/2015. \u201cDisp\u00f5e sobre a contrata\u00e7\u00e3o de menor aprendiz no \u00e2mbito do Munic\u00edpio de Chapad\u00e3o do Sul e d\u00e1 outras provid\u00eancias\u201d. &#8211; Projeto de [&hellip;]<\/p>\n","protected":false},"author":4,"featured_media":12124,"comment_status":"closed","ping_status":"closed","sticky":false,"template":"","format":"standard","meta":{"footnotes":""},"categories":[49],"tags":[],"class_list":["post-26070","post","type-post","status-publish","format-standard","has-post-thumbnail","hentry","category-informe-publicitario"],"_links":{"self":[{"href":"https:\/\/www.ocorreionews.com.br\/acervo-correio\/index.php?rest_route=\/wp\/v2\/posts\/26070","targetHints":{"allow":["GET"]}}],"collection":[{"href":"https:\/\/www.ocorreionews.com.br\/acervo-correio\/index.php?rest_route=\/wp\/v2\/posts"}],"about":[{"href":"https:\/\/www.ocorreionews.com.br\/acervo-correio\/index.php?rest_route=\/wp\/v2\/types\/post"}],"author":[{"embeddable":true,"href":"https:\/\/www.ocorreionews.com.br\/acervo-correio\/index.php?rest_route=\/wp\/v2\/users\/4"}],"replies":[{"embeddable":true,"href":"https:\/\/www.ocorreionews.com.br\/acervo-correio\/index.php?rest_route=%2Fwp%2Fv2%2Fcomments&post=26070"}],"version-history":[{"count":0,"href":"https:\/\/www.ocorreionews.com.br\/acervo-correio\/index.php?rest_route=\/wp\/v2\/posts\/26070\/revisions"}],"wp:featuredmedia":[{"embeddable":true,"href":"https:\/\/www.ocorreionews.com.br\/acervo-correio\/index.php?rest_route=\/wp\/v2\/media\/12124"}],"wp:attachment":[{"href":"https:\/\/www.ocorreionews.com.br\/acervo-correio\/index.php?rest_route=%2Fwp%2Fv2%2Fmedia&parent=26070"}],"wp:term":[{"taxonomy":"category","embeddable":true,"href":"https:\/\/www.ocorreionews.com.br\/acervo-correio\/index.php?rest_route=%2Fwp%2Fv2%2Fcategories&post=26070"},{"taxonomy":"post_tag","embeddable":true,"href":"https:\/\/www.ocorreionews.com.br\/acervo-correio\/index.php?rest_route=%2Fwp%2Fv2%2Ftags&post=26070"}],"curies":[{"name":"wp","href":"https:\/\/api.w.org\/{rel}","templated":true}]}}