{"id":26103,"date":"2016-04-25T15:53:50","date_gmt":"2016-04-25T19:53:50","guid":{"rendered":"https:\/\/ocorreionews.com.br\/?p=26103"},"modified":"2016-04-25T15:53:50","modified_gmt":"2016-04-25T19:53:50","slug":"homem-sai-de-casa-para-fazer-emprestimo-e-esta-desaparecido-ha-quase-duas-semanas","status":"publish","type":"post","link":"https:\/\/www.ocorreionews.com.br\/acervo-correio\/?p=26103","title":{"rendered":"Homem sai de casa para fazer empr\u00e9stimo e est\u00e1 desaparecido h\u00e1 quase duas semanas"},"content":{"rendered":"<p style=\"text-align: justify;\">Familiares est\u00e3o \u00e0 procura do trabalhador rural Adonias Moreira de Souza, de 45 anos, que est\u00e1 desaparecido desde o dia 12 de abril quando saiu de casa para fazer um empr\u00e9stimo em Pedro Gomes e desde ent\u00e3o n\u00e3o foi mais visto.<\/p>\n<p style=\"text-align: justify;\">A esposa dele, Lucineide Ferreira da Silva, de 33 anos, procurou a Delegacia de Pol\u00edcia Civil de Pedro Gomes relatando que o marido saiu cedo a p\u00e9 de sua ch\u00e1cara na regi\u00e3o da Cachoerinha dizendo que iria at\u00e9 a cidade para resolver assuntos referentes a um empr\u00e9stimo.<\/p>\n<p style=\"text-align: justify;\">Segundo Lucineide, por volta das 9 horas do mesmo dia ela ligou para o marido, por\u00e9m o mesmo teria dito apressadamente \u201cse cuida e cuida dos nossos filhos, porque minha cara voc\u00ea n\u00e3o vai ver mais\u201d. Depois disso n\u00e3o teve mais nenhuma informa\u00e7\u00e3o sobre Adonias.<\/p>\n<p style=\"text-align: justify;\">A Pol\u00edcia Civil apurou, preliminarmente, que Adonias havia contra\u00eddo v\u00e1rias d\u00edvidas na cidade e recebeu informa\u00e7\u00f5es que ele teria vendido ilegalmente um gado do seu patr\u00e3o, tendo recebido amea\u00e7as dos compradores ap\u00f3s se arrepender do neg\u00f3cio e n\u00e3o ter entregado o gado.<\/p>\n<p style=\"text-align: justify;\">Se algu\u00e9m tiver qualquer informa\u00e7\u00e3o sobre o paradeiro do trabalhador rural deve entrar em contato com a Pol\u00edcia Civil atrav\u00e9s do telefone (67) 3230-1359.<\/p>\n<div class=\"noticia_infos\">\n<p class=\"autor\">Angela Bezerra &#8211; edi\u00e7\u00e3o de noticias<\/p>\n<\/div>\n","protected":false},"excerpt":{"rendered":"<p>Familiares est\u00e3o \u00e0 procura do trabalhador rural Adonias Moreira de Souza, de 45 anos, que est\u00e1 desaparecido desde o dia 12 de abril quando saiu de casa para fazer um empr\u00e9stimo em Pedro Gomes e desde ent\u00e3o n\u00e3o foi mais visto. A esposa dele, Lucineide Ferreira da Silva, de 33 anos, procurou a Delegacia de [&hellip;]<\/p>\n","protected":false},"author":4,"featured_media":26104,"comment_status":"closed","ping_status":"closed","sticky":false,"template":"","format":"standard","meta":{"footnotes":""},"categories":[38],"tags":[],"class_list":["post-26103","post","type-post","status-publish","format-standard","has-post-thumbnail","hentry","category-policia"],"_links":{"self":[{"href":"https:\/\/www.ocorreionews.com.br\/acervo-correio\/index.php?rest_route=\/wp\/v2\/posts\/26103","targetHints":{"allow":["GET"]}}],"collection":[{"href":"https:\/\/www.ocorreionews.com.br\/acervo-correio\/index.php?rest_route=\/wp\/v2\/posts"}],"about":[{"href":"https:\/\/www.ocorreionews.com.br\/acervo-correio\/index.php?rest_route=\/wp\/v2\/types\/post"}],"author":[{"embeddable":true,"href":"https:\/\/www.ocorreionews.com.br\/acervo-correio\/index.php?rest_route=\/wp\/v2\/users\/4"}],"replies":[{"embeddable":true,"href":"https:\/\/www.ocorreionews.com.br\/acervo-correio\/index.php?rest_route=%2Fwp%2Fv2%2Fcomments&post=26103"}],"version-history":[{"count":0,"href":"https:\/\/www.ocorreionews.com.br\/acervo-correio\/index.php?rest_route=\/wp\/v2\/posts\/26103\/revisions"}],"wp:featuredmedia":[{"embeddable":true,"href":"https:\/\/www.ocorreionews.com.br\/acervo-correio\/index.php?rest_route=\/wp\/v2\/media\/26104"}],"wp:attachment":[{"href":"https:\/\/www.ocorreionews.com.br\/acervo-correio\/index.php?rest_route=%2Fwp%2Fv2%2Fmedia&parent=26103"}],"wp:term":[{"taxonomy":"category","embeddable":true,"href":"https:\/\/www.ocorreionews.com.br\/acervo-correio\/index.php?rest_route=%2Fwp%2Fv2%2Fcategories&post=26103"},{"taxonomy":"post_tag","embeddable":true,"href":"https:\/\/www.ocorreionews.com.br\/acervo-correio\/index.php?rest_route=%2Fwp%2Fv2%2Ftags&post=26103"}],"curies":[{"name":"wp","href":"https:\/\/api.w.org\/{rel}","templated":true}]}}