{"id":26106,"date":"2016-04-25T16:05:54","date_gmt":"2016-04-25T20:05:54","guid":{"rendered":"https:\/\/ocorreionews.com.br\/?p=26106"},"modified":"2016-04-25T16:05:54","modified_gmt":"2016-04-25T20:05:54","slug":"prefeitura-de-chapadao-do-ceu-adquiriu-novos-brinquedos-para-as-pracas-municipais","status":"publish","type":"post","link":"https:\/\/www.ocorreionews.com.br\/acervo-correio\/?p=26106","title":{"rendered":"Prefeitura de Chapad\u00e3o do C\u00e9u adquiriu novos brinquedos para as pra\u00e7as municipais"},"content":{"rendered":"<p style=\"background: white; vertical-align: baseline; margin: 0cm 0cm 7.5pt 0cm;\"><span style=\"font-size: 10.5pt; font-family: 'Arial',sans-serif; color: #777777;\">A administra\u00e7\u00e3o Municipal do prefeito Rog\u00e9rio Graxa, atendendo v\u00e1rios pedidos da comunidade local, adquiriu novos brinquedos, que ser\u00e3o instalados na Pra\u00e7as Municipal, As pra\u00e7as do Sol, Filogonio Garcia e Quincas do Cord\u00e3o Verde.<\/span><\/p>\n<p style=\"background: white; vertical-align: baseline; margin: 0cm 0cm 7.5pt 0cm;\"><span style=\"font-size: 10.5pt; font-family: 'Arial',sans-serif; color: #777777;\">A aquisi\u00e7\u00e3o dos novos brinquedos, foram realizadas atrav\u00e9s da Secretaria de Cultura, Turismo, Esporte e Juventude, com investimento de o valor de R$ 7.992,00, atrav\u00e9s de recursos pr\u00f3prio do munic\u00edpio. <\/span><\/p>\n<p style=\"background: white; vertical-align: baseline; margin: 0cm 0cm 7.5pt 0cm;\"><span style=\"font-size: 10.5pt; font-family: 'Arial',sans-serif; color: #777777;\">Foram adquiridos: <\/span><\/p>\n<p style=\"background: white; vertical-align: baseline; outline: 0px; orphans: auto; widows: 1; -webkit-text-stroke-width: 0px; word-spacing: 0px; margin: 0cm 0cm 7.5pt 0cm;\"><span style=\"font-size: 10.5pt; font-family: 'Arial',sans-serif; color: #777777;\">02 Gira Gira<\/span><\/p>\n<p style=\"background: white; vertical-align: baseline; outline: 0px; orphans: auto; widows: 1; -webkit-text-stroke-width: 0px; word-spacing: 0px; margin: 0cm 0cm 7.5pt 0cm;\"><span style=\"font-size: 10.5pt; font-family: 'Arial',sans-serif; color: #777777;\">01 Gangorra<\/span><\/p>\n<p style=\"background: white; vertical-align: baseline; outline: 0px; orphans: auto; widows: 1; -webkit-text-stroke-width: 0px; word-spacing: 0px; margin: 0cm 0cm 7.5pt 0cm;\"><span style=\"font-size: 10.5pt; font-family: 'Arial',sans-serif; color: #777777;\">01 Gaiola Labirinto<\/span><\/p>\n<p style=\"background: white; vertical-align: baseline; outline: 0px; orphans: auto; widows: 1; -webkit-text-stroke-width: 0px; word-spacing: 0px; margin: 0cm 0cm 7.5pt 0cm;\"><span style=\"font-size: 10.5pt; font-family: 'Arial',sans-serif; color: #777777;\">01 Escorregador<\/span><\/p>\n<p style=\"background: white; vertical-align: baseline; outline: 0px; orphans: auto; widows: 1; -webkit-text-stroke-width: 0px; word-spacing: 0px; margin: 0cm 0cm 7.5pt 0cm;\"><span style=\"font-size: 10.5pt; font-family: 'Arial',sans-serif; color: #777777;\">01 Balan\u00e7o de Correntes.<\/span><\/p>\n<p style=\"background: white; vertical-align: baseline; margin: 0cm 0cm 7.5pt 0cm;\"><span style=\"font-size: 10.5pt; font-family: 'Arial',sans-serif; color: #777777;\">\u201c Nosso objetivo \u00e9 levar mais lazer e op\u00e7\u00f5es de entretenimento para as crian\u00e7as da nossa cidade\u201d. afirmou o prefeito Rog\u00e9rio Graxa<\/span><\/p>\n","protected":false},"excerpt":{"rendered":"<p>A administra\u00e7\u00e3o Municipal do prefeito Rog\u00e9rio Graxa, atendendo v\u00e1rios pedidos da comunidade local, adquiriu novos brinquedos, que ser\u00e3o instalados na Pra\u00e7as Municipal, As pra\u00e7as do Sol, Filogonio Garcia e Quincas do Cord\u00e3o Verde. A aquisi\u00e7\u00e3o dos novos brinquedos, foram realizadas atrav\u00e9s da Secretaria de Cultura, Turismo, Esporte e Juventude, com investimento de o valor de [&hellip;]<\/p>\n","protected":false},"author":4,"featured_media":26107,"comment_status":"closed","ping_status":"closed","sticky":false,"template":"","format":"standard","meta":{"footnotes":""},"categories":[22],"tags":[],"class_list":["post-26106","post","type-post","status-publish","format-standard","has-post-thumbnail","hentry","category-chapadao-do-ceu"],"_links":{"self":[{"href":"https:\/\/www.ocorreionews.com.br\/acervo-correio\/index.php?rest_route=\/wp\/v2\/posts\/26106","targetHints":{"allow":["GET"]}}],"collection":[{"href":"https:\/\/www.ocorreionews.com.br\/acervo-correio\/index.php?rest_route=\/wp\/v2\/posts"}],"about":[{"href":"https:\/\/www.ocorreionews.com.br\/acervo-correio\/index.php?rest_route=\/wp\/v2\/types\/post"}],"author":[{"embeddable":true,"href":"https:\/\/www.ocorreionews.com.br\/acervo-correio\/index.php?rest_route=\/wp\/v2\/users\/4"}],"replies":[{"embeddable":true,"href":"https:\/\/www.ocorreionews.com.br\/acervo-correio\/index.php?rest_route=%2Fwp%2Fv2%2Fcomments&post=26106"}],"version-history":[{"count":0,"href":"https:\/\/www.ocorreionews.com.br\/acervo-correio\/index.php?rest_route=\/wp\/v2\/posts\/26106\/revisions"}],"wp:featuredmedia":[{"embeddable":true,"href":"https:\/\/www.ocorreionews.com.br\/acervo-correio\/index.php?rest_route=\/wp\/v2\/media\/26107"}],"wp:attachment":[{"href":"https:\/\/www.ocorreionews.com.br\/acervo-correio\/index.php?rest_route=%2Fwp%2Fv2%2Fmedia&parent=26106"}],"wp:term":[{"taxonomy":"category","embeddable":true,"href":"https:\/\/www.ocorreionews.com.br\/acervo-correio\/index.php?rest_route=%2Fwp%2Fv2%2Fcategories&post=26106"},{"taxonomy":"post_tag","embeddable":true,"href":"https:\/\/www.ocorreionews.com.br\/acervo-correio\/index.php?rest_route=%2Fwp%2Fv2%2Ftags&post=26106"}],"curies":[{"name":"wp","href":"https:\/\/api.w.org\/{rel}","templated":true}]}}