{"id":26111,"date":"2016-04-26T06:43:27","date_gmt":"2016-04-26T10:43:27","guid":{"rendered":"https:\/\/ocorreionews.com.br\/?p=26111"},"modified":"2016-04-26T06:43:27","modified_gmt":"2016-04-26T10:43:27","slug":"apos-28-dias-volta-a-chover-em-chapadao-do-sul","status":"publish","type":"post","link":"https:\/\/www.ocorreionews.com.br\/acervo-correio\/?p=26111","title":{"rendered":"Ap\u00f3s 28 dias volta a chover em Chapad\u00e3o do Sul"},"content":{"rendered":"<p style=\"text-align: justify;\">Ap\u00f3s uma estiagem de 28 dias, a chuva voltou a Chapad\u00e3o do Sul. A manh\u00e3 desta ter\u00e7a-feira amanheceu com tempo fechado e com uma chuva em torno de 3 mil\u00edmetros. O tempo permanece fechado e ainda h\u00e1 expectativa de chuvas no transcorrer do dia.<\/p>\n<p style=\"text-align: justify;\">A estat\u00edstica mostra que este ano, o m\u00eas de abril foi o pior m\u00eas de chuvas dos \u00faltimos 20 anos. \u00a0Ainda n\u00e3o havia registro de 28 dias sem chuva neste per\u00edodo (abril).<\/p>\n<p style=\"text-align: justify;\">A falta da chuva trouxe como consequ\u00eancia, a perca de mais de 50% da safrinha de milho. Preju\u00edzo que ter\u00e1 serias consequ\u00eancias para a economia do munic\u00edpio, principalmente para os agricultores.<\/p>\n","protected":false},"excerpt":{"rendered":"<p>Ap\u00f3s uma estiagem de 28 dias, a chuva voltou a Chapad\u00e3o do Sul. A manh\u00e3 desta ter\u00e7a-feira amanheceu com tempo fechado e com uma chuva em torno de 3 mil\u00edmetros. O tempo permanece fechado e ainda h\u00e1 expectativa de chuvas no transcorrer do dia. A estat\u00edstica mostra que este ano, o m\u00eas de abril foi [&hellip;]<\/p>\n","protected":false},"author":4,"featured_media":8768,"comment_status":"closed","ping_status":"closed","sticky":false,"template":"","format":"standard","meta":{"footnotes":""},"categories":[23],"tags":[],"class_list":["post-26111","post","type-post","status-publish","format-standard","has-post-thumbnail","hentry","category-chapadao-do-sul"],"_links":{"self":[{"href":"https:\/\/www.ocorreionews.com.br\/acervo-correio\/index.php?rest_route=\/wp\/v2\/posts\/26111","targetHints":{"allow":["GET"]}}],"collection":[{"href":"https:\/\/www.ocorreionews.com.br\/acervo-correio\/index.php?rest_route=\/wp\/v2\/posts"}],"about":[{"href":"https:\/\/www.ocorreionews.com.br\/acervo-correio\/index.php?rest_route=\/wp\/v2\/types\/post"}],"author":[{"embeddable":true,"href":"https:\/\/www.ocorreionews.com.br\/acervo-correio\/index.php?rest_route=\/wp\/v2\/users\/4"}],"replies":[{"embeddable":true,"href":"https:\/\/www.ocorreionews.com.br\/acervo-correio\/index.php?rest_route=%2Fwp%2Fv2%2Fcomments&post=26111"}],"version-history":[{"count":0,"href":"https:\/\/www.ocorreionews.com.br\/acervo-correio\/index.php?rest_route=\/wp\/v2\/posts\/26111\/revisions"}],"wp:featuredmedia":[{"embeddable":true,"href":"https:\/\/www.ocorreionews.com.br\/acervo-correio\/index.php?rest_route=\/wp\/v2\/media\/8768"}],"wp:attachment":[{"href":"https:\/\/www.ocorreionews.com.br\/acervo-correio\/index.php?rest_route=%2Fwp%2Fv2%2Fmedia&parent=26111"}],"wp:term":[{"taxonomy":"category","embeddable":true,"href":"https:\/\/www.ocorreionews.com.br\/acervo-correio\/index.php?rest_route=%2Fwp%2Fv2%2Fcategories&post=26111"},{"taxonomy":"post_tag","embeddable":true,"href":"https:\/\/www.ocorreionews.com.br\/acervo-correio\/index.php?rest_route=%2Fwp%2Fv2%2Ftags&post=26111"}],"curies":[{"name":"wp","href":"https:\/\/api.w.org\/{rel}","templated":true}]}}