{"id":26113,"date":"2016-04-26T06:58:44","date_gmt":"2016-04-26T10:58:44","guid":{"rendered":"https:\/\/ocorreionews.com.br\/?p=26113"},"modified":"2016-04-26T06:58:44","modified_gmt":"2016-04-26T10:58:44","slug":"com-recorde-de-publico-2a-copa-integracao-de-motocross-e-realizada-com-sucesso-em-costa-rica","status":"publish","type":"post","link":"https:\/\/www.ocorreionews.com.br\/acervo-correio\/?p=26113","title":{"rendered":"Com recorde de p\u00fablico 2\u00aa Copa Integra\u00e7\u00e3o de Motocross \u00e9 realizada com sucesso em Costa Rica"},"content":{"rendered":"<div class=\"marginBottom30px link-Internas\">\n<p>Costa Rica realizou nos dias 23 e 24 de abril de 2016 (s\u00e1bado e domingo), uma das competi\u00e7\u00f5es mais tradicionais da cidade, o Motocross.<\/p>\n<p><span style=\"color: #0000ff;\"><em><strong><a style=\"color: #0000ff;\" href=\"https:\/\/ocorreionews.com.br\/2016\/04\/25\/2a-copa-integracao-de-motocross-costa-rica\/\">Confira a galeria de fotos do evento:<\/a><\/strong><\/em><\/span><\/p>\n<p>A 2\u00aa Copa Integra\u00e7\u00e3o de Motocross foi realizada pela Associa\u00e7\u00e3o Moto Club de Costa Rica sobre a supervis\u00e3o da FEMEMS &#8211; Federa\u00e7\u00e3o de Motociclismo de Mato Grosso do Sul e contou com apoio do Poder Executivo por meio SEMTMA &#8211; Secretaria Municipal de Turismo e Meio Ambiente atrav\u00e9s da Assessoria de Esportes.<\/p>\n<p>Para o organizador Od\u00e9cio Dias de Jesus \u201cBoy\u201d, a competi\u00e7\u00e3o que teve a participa\u00e7\u00e3o de 100 competidores foi um sucesso e superou todas as expectativas. \u201cA popula\u00e7\u00e3o de Costa Rica compareceu e animou a competi\u00e7\u00e3o. Tivemos recorde de p\u00fablico. Agrade\u00e7o a todos que ajudaram e aos competidores por terem feito do evento uma grande festa\u201d, declarou Boy.<\/p>\n<p>O prefeito Waldeli dos Santos Rosa, que fez quest\u00e3o de prestigiar os dois dias de evento, ficou deslumbrado com a competi\u00e7\u00e3o e classificou como muito bem-sucedida. \u201cO Motocross ofereceu aos pilotos e suas equipes, assim como aos visitantes e a popula\u00e7\u00e3o local, momentos de muita emo\u00e7\u00e3o e adrenalina. A popula\u00e7\u00e3o vibrou e aplaudiu os melhores pilotos da regi\u00e3o\u201d, enfatizou.<\/p>\n<p>A 2\u00aa Copa de Integra\u00e7\u00e3o de Motocross foi realizada no Mot\u00f3dromo Sonho de Viver \u201cJhonathan de Oliveira Freitas\u201d, no bairro Jardim Afonso III. No s\u00e1bado foi realizado o treino livre, j\u00e1 no domingo foi realizado o treino oficial e as provas por modalidade.<\/p>\n<p><strong>Confira abaixo o resultado:<\/strong><br \/>\nCategoria MX1<br \/>\n1\u00ba- Luiz Henrique Nunes de Oliveira<br \/>\n2\u00ba- Elizeu Ferreira<br \/>\n3\u00ba- Jean Reis<br \/>\n4\u00ba- Michael Pereira de Jesus<br \/>\n5\u00ba- Weiner das Neves<\/p>\n<p>Categoria MX2<br \/>\n1\u00ba- Jean Reis<br \/>\n2\u00ba- Luiz Henrique Nunes de Oliveira<br \/>\n3\u00ba- Michael Pereira de Jesus<br \/>\n4\u00ba- Rosimar Lemes de Oliveira<br \/>\n5\u00ba- Wagner Montani<\/p>\n<p>Categoria Intermedi\u00e1ria<br \/>\n1\u00ba- Michael Pereira de Jesus<br \/>\n2\u00ba- Nelio de Oliveira Barbosa<br \/>\n3\u00ba- Rosimar Lemes de Oliveira<br \/>\n4\u00ba-Fernando Abreu Moura<br \/>\n5\u00ba-Wagner Montani<\/p>\n<p>Categoria MX3<br \/>\n1\u00ba- Weiner Neves<br \/>\n2\u00ba- Elizeu Ferreira<br \/>\n3\u00ba- Nelio de Oliveira Barbosa<br \/>\n4\u00ba- Fabio Rog\u00e9rio<br \/>\n5\u00ba- Mata Gato<\/p>\n<p>Categoria MX4<br \/>\n1\u00ba- Weiner Neves<br \/>\n2\u00ba- F\u00e1bio Rog\u00e9rio<br \/>\n3\u00ba- Luiz Fernando de Oliveira<br \/>\n4\u00ba- Mata Gato<br \/>\n5\u00ba- Eli de Paula<\/p>\n<p>Categoria Nacional A<br \/>\n1\u00ba- Jhonathan Lucio<br \/>\n2\u00ba- Jo\u00e3o Paulo<br \/>\n3\u00ba- Adriel de Melo<br \/>\n4\u00ba Claudione Correia<br \/>\n5\u00ba Marconi Ferreira<\/p>\n<p>Categoria Estreante<br \/>\n1\u00ba- Rosimar Lemes de Oliveira<br \/>\n2\u00ba- Fernando Abreu Moura<br \/>\n3\u00ba- Mayk Pereira de Jesus<br \/>\n4\u00ba- Edson Soares<br \/>\n5\u00ba- Jhonatan Jesus da Silva<\/p>\n<p>Categoria Nacional B<br \/>\n1\u00ba- Jhonathan Lucio<br \/>\n2\u00ba- Jo\u00e3o Paulo<br \/>\n3\u00ba- Adriel de Melo<br \/>\n4\u00ba Claudione Correia<br \/>\n5\u00ba Marconi Ferreira<\/p>\n<p>Categoria MX Jr.<br \/>\n1\u00ba-Rafael Gemeli Martins<br \/>\n2\u00ba- Gabriel Almeida Dias<br \/>\n3\u00ba- Guilherme Pereira Jesus<br \/>\n4\u00ba- Raynara Rodrigues da Silva<br \/>\n5\u00ba- Kamila Gon\u00e7alves dos Santos<\/p>\n<p>Categoria Trilheiros<br \/>\n1\u00ba-Adenir<br \/>\n2\u00ba-Carlos Alberto<br \/>\n3\u00ba- Claudione Correia<br \/>\n4\u00ba- Rafael Gemeli Martins<br \/>\n5\u00ba- Guilherme Santana Oliveira<\/p>\n<p>Categoria Mini Moto<br \/>\n1\u00ba- Guilherme Pereira Jesus<br \/>\n2\u00ba- Luiz Fernando<br \/>\n3\u00ba- Luiz Eduardo Silva Santos<br \/>\n4\u00ba- Marquinhos Trindade<br \/>\n5\u00ba- Gabriel Almeida Dias<\/p>\n<\/div>\n<div class=\"marginBottom30px link-Internas\">ASSECOM\/PMCR<\/div>\n","protected":false},"excerpt":{"rendered":"<p>Costa Rica realizou nos dias 23 e 24 de abril de 2016 (s\u00e1bado e domingo), uma das competi\u00e7\u00f5es mais tradicionais da cidade, o Motocross. Confira a galeria de fotos do evento: A 2\u00aa Copa Integra\u00e7\u00e3o de Motocross foi realizada pela Associa\u00e7\u00e3o Moto Club de Costa Rica sobre a supervis\u00e3o da FEMEMS &#8211; Federa\u00e7\u00e3o de Motociclismo [&hellip;]<\/p>\n","protected":false},"author":4,"featured_media":26087,"comment_status":"closed","ping_status":"closed","sticky":false,"template":"","format":"standard","meta":{"footnotes":""},"categories":[25,29],"tags":[],"class_list":["post-26113","post","type-post","status-publish","format-standard","has-post-thumbnail","hentry","category-costa-rica","category-esporte"],"_links":{"self":[{"href":"https:\/\/www.ocorreionews.com.br\/acervo-correio\/index.php?rest_route=\/wp\/v2\/posts\/26113","targetHints":{"allow":["GET"]}}],"collection":[{"href":"https:\/\/www.ocorreionews.com.br\/acervo-correio\/index.php?rest_route=\/wp\/v2\/posts"}],"about":[{"href":"https:\/\/www.ocorreionews.com.br\/acervo-correio\/index.php?rest_route=\/wp\/v2\/types\/post"}],"author":[{"embeddable":true,"href":"https:\/\/www.ocorreionews.com.br\/acervo-correio\/index.php?rest_route=\/wp\/v2\/users\/4"}],"replies":[{"embeddable":true,"href":"https:\/\/www.ocorreionews.com.br\/acervo-correio\/index.php?rest_route=%2Fwp%2Fv2%2Fcomments&post=26113"}],"version-history":[{"count":0,"href":"https:\/\/www.ocorreionews.com.br\/acervo-correio\/index.php?rest_route=\/wp\/v2\/posts\/26113\/revisions"}],"wp:featuredmedia":[{"embeddable":true,"href":"https:\/\/www.ocorreionews.com.br\/acervo-correio\/index.php?rest_route=\/wp\/v2\/media\/26087"}],"wp:attachment":[{"href":"https:\/\/www.ocorreionews.com.br\/acervo-correio\/index.php?rest_route=%2Fwp%2Fv2%2Fmedia&parent=26113"}],"wp:term":[{"taxonomy":"category","embeddable":true,"href":"https:\/\/www.ocorreionews.com.br\/acervo-correio\/index.php?rest_route=%2Fwp%2Fv2%2Fcategories&post=26113"},{"taxonomy":"post_tag","embeddable":true,"href":"https:\/\/www.ocorreionews.com.br\/acervo-correio\/index.php?rest_route=%2Fwp%2Fv2%2Ftags&post=26113"}],"curies":[{"name":"wp","href":"https:\/\/api.w.org\/{rel}","templated":true}]}}