{"id":26131,"date":"2016-04-26T08:59:12","date_gmt":"2016-04-26T12:59:12","guid":{"rendered":"https:\/\/ocorreionews.com.br\/?p=26131"},"modified":"2016-04-26T08:59:12","modified_gmt":"2016-04-26T12:59:12","slug":"novas-vagas-para-criancas-nas-creches-de-chapadao-do-sul","status":"publish","type":"post","link":"https:\/\/www.ocorreionews.com.br\/acervo-correio\/?p=26131","title":{"rendered":"Novas vagas para crian\u00e7as nas creches de Chapad\u00e3o do Sul"},"content":{"rendered":"<p>A Prefeitura de Chapad\u00e3o do Sul, por meio da Secretaria de Educa\u00e7\u00e3o, est\u00e1 com inscri\u00e7\u00f5es abertas para o preenchimento de vagas na educa\u00e7\u00e3o infantil da rede municipal de ensino.<\/p>\n<p>De acordo com edital publicado no Di\u00e1rio Oficial, a solicita\u00e7\u00e3o das vagas pode ser feita at\u00e9 quinta-feira, <em><u>dia 28 de abril, no hor\u00e1rio das 7h \u00e1s 11h e das 13h \u00e1s 17h<\/u><\/em> nos CEIs: <strong>Pingo de Gente\/ Sibipiruna\/Flamboyant<\/strong> nas salas de BER\u00c7ARIO, MATERNAL, JARDIM I e JARDIM II (hor\u00e1rio parcial e\/ou integral); e <strong>CEI Sonho Meu<\/strong> nas salas de BER\u00c7ARIO, MATERNAL, JARDIM I e JARDIM II (hor\u00e1rio integral).<\/p>\n<p>Para garantir a vaga da crian\u00e7a no CEI, os pais ou respons\u00e1veis devem efetivar a matriculas na Educa\u00e7\u00e3o Infantil nas datas relacionadas acima.<\/p>\n<p><em><strong><a href=\"http:\/\/www.chapadaodosul.ms.gov.br\/admin\/arquivos\/files\/1461187659.pdf\" target=\"_blank\">CLIQUE AQUI<\/a><\/strong><\/em>, acesse o edital, veja a documenta\u00e7\u00e3o necess\u00e1ria e as exig\u00eancias.<\/p>\n<p>&nbsp;<\/p>\n<p>&nbsp;<\/p>\n<p><em><strong>Assessoria Prefeitura<\/strong><\/em><\/p>\n","protected":false},"excerpt":{"rendered":"<p>A Prefeitura de Chapad\u00e3o do Sul, por meio da Secretaria de Educa\u00e7\u00e3o, est\u00e1 com inscri\u00e7\u00f5es abertas para o preenchimento de vagas na educa\u00e7\u00e3o infantil da rede municipal de ensino. De acordo com edital publicado no Di\u00e1rio Oficial, a solicita\u00e7\u00e3o das vagas pode ser feita at\u00e9 quinta-feira, dia 28 de abril, no hor\u00e1rio das 7h \u00e1s [&hellip;]<\/p>\n","protected":false},"author":4,"featured_media":17289,"comment_status":"closed","ping_status":"closed","sticky":false,"template":"","format":"standard","meta":{"footnotes":""},"categories":[23],"tags":[],"class_list":["post-26131","post","type-post","status-publish","format-standard","has-post-thumbnail","hentry","category-chapadao-do-sul"],"_links":{"self":[{"href":"https:\/\/www.ocorreionews.com.br\/acervo-correio\/index.php?rest_route=\/wp\/v2\/posts\/26131","targetHints":{"allow":["GET"]}}],"collection":[{"href":"https:\/\/www.ocorreionews.com.br\/acervo-correio\/index.php?rest_route=\/wp\/v2\/posts"}],"about":[{"href":"https:\/\/www.ocorreionews.com.br\/acervo-correio\/index.php?rest_route=\/wp\/v2\/types\/post"}],"author":[{"embeddable":true,"href":"https:\/\/www.ocorreionews.com.br\/acervo-correio\/index.php?rest_route=\/wp\/v2\/users\/4"}],"replies":[{"embeddable":true,"href":"https:\/\/www.ocorreionews.com.br\/acervo-correio\/index.php?rest_route=%2Fwp%2Fv2%2Fcomments&post=26131"}],"version-history":[{"count":0,"href":"https:\/\/www.ocorreionews.com.br\/acervo-correio\/index.php?rest_route=\/wp\/v2\/posts\/26131\/revisions"}],"wp:featuredmedia":[{"embeddable":true,"href":"https:\/\/www.ocorreionews.com.br\/acervo-correio\/index.php?rest_route=\/wp\/v2\/media\/17289"}],"wp:attachment":[{"href":"https:\/\/www.ocorreionews.com.br\/acervo-correio\/index.php?rest_route=%2Fwp%2Fv2%2Fmedia&parent=26131"}],"wp:term":[{"taxonomy":"category","embeddable":true,"href":"https:\/\/www.ocorreionews.com.br\/acervo-correio\/index.php?rest_route=%2Fwp%2Fv2%2Fcategories&post=26131"},{"taxonomy":"post_tag","embeddable":true,"href":"https:\/\/www.ocorreionews.com.br\/acervo-correio\/index.php?rest_route=%2Fwp%2Fv2%2Ftags&post=26131"}],"curies":[{"name":"wp","href":"https:\/\/api.w.org\/{rel}","templated":true}]}}