{"id":26201,"date":"2016-04-27T07:35:18","date_gmt":"2016-04-27T11:35:18","guid":{"rendered":"https:\/\/ocorreionews.com.br\/?p=26201"},"modified":"2016-04-27T08:22:51","modified_gmt":"2016-04-27T12:22:51","slug":"policia-prendeu-os-acusados-de-roubar-a-boate-entre-eles-um-menor-de-16-anos-apreendido-em-sala-de-aula","status":"publish","type":"post","link":"https:\/\/www.ocorreionews.com.br\/acervo-correio\/?p=26201","title":{"rendered":"Pol\u00edcia prendeu os acusados de roubar a boate, entre eles um menor de 16 anos, apreendido em sala de aula"},"content":{"rendered":"<div>A pol\u00edcia agiu r\u00e1pido, em menos de 24 horas prendeu seis acusados de roubar na boate denominada \u201cBar Bambu\u201d localizada na Avenida Vereador Kendi Nakai na madrugada desta ter\u00e7a-feira (26) quando promoveram \u201do terror\u201d de acordo com Boletim de Ocorr\u00eancia registrado por Juliana da Silva Lima, 29 anos. Entre os presos h\u00e1 um menor de 16 anos que foi apreendido, ele ficou respons\u00e1vel por furtar a moto e esconder para depois vender e trocar por drogas.<\/div>\n<div><\/div>\n<div>Os marginais chegaram \u00e0 delegacia por voltadas 18 horas debaixo de muita chuva, eles aparentavam estarem drogados ou embriagados. Foram presos: Wenderson Batista, 29 anos, Edenair Fautino Lianes, 22, Luiz Henrique da Silva Barbosa, 20, Edivaldo Alves de Oliveira, 19 e Edenir Ferreira Lianes, 23 anos.<\/div>\n<div><\/div>\n<div>O delegado de pol\u00edcia civil titular de Costa Rica, Alexandro Mendes de Araujo comandou a opera\u00e7\u00e3o e foi buscar o menor de idade na sala de aula em uma escola da cidade.<\/div>\n<div><\/div>\n<div>As pris\u00f5es aconteceram no bairro Ip\u00ea, localizado nos fundos do Parque de Exposi\u00e7\u00e3o Laerte P\u00e1s Coelho. A moto foi encontrada pelos policiais escondida pr\u00f3ximo ao rio Sucuri\u00fa, nos fundo do Parque de Exposi\u00e7\u00e3o.<\/div>\n<div><\/div>\n<div>O Hora da Not\u00edcia apurou que os acusados planejavam levar a moto para a cidade de Coxim, distante cerca de 220 km de Costa Rica e trocariam por drogas que seria dividida entre os integrantes do bando. A moto ser\u00e1 submetida a pericia e entregue para a propriet\u00e1ria.<\/div>\n<div><\/div>\n<div>A opera\u00e7\u00e3o envolveu as tr\u00eas for\u00e7as policiais: pol\u00edcia civil, militar e ambiental. Os acusados est\u00e3o presos em flagrante acusados de roubo e recolhidos nas celas da cadeia p\u00fablica anexa a delegacia. Todos ser\u00e3o ouvidos nesta quarta-fera.<\/div>\n<div><\/div>\n<div>A propriet\u00e1ria da moto estava presente na delegacia no momento da chegada dos marginais, ela disse ao Hora da Not\u00edicia estar aliviada, \u201cminha moto \u00e9 financiada, custou o valor de 15 mil\u201d. Ela disse ainda estar grata pelo empenho das for\u00e7as policiais para esclarecer o roubo.<\/div>\n<div><\/div>\n<div>O delegado disse ao Hora da Not\u00edcia que as investiga\u00e7\u00f5es continuam, \u201cprecisamos esclarecer e certificar se h\u00e1 mais gente envolvida\u201d, finalizou.<\/div>\n<div><\/div>\n<div><img decoding=\"async\" class=\"alignleft\" src=\"http:\/\/www.horadanoticia.com.br\/ckfinder\/userfiles\/images\/IMG-20160426-WA0008.jpg\" alt=\"\" \/>Um s\u00e9timo acusado de estar envolvido no roubo foi preso por volta das 08 horas desta ter\u00e7a-feira pelo SIG (Sistema de Investiga\u00e7\u00e3o Geral), conforme informou o delegado.<\/div>\n<div><\/div>\n<div><strong>Entenda o caso:<\/strong><\/div>\n<div><\/div>\n<div>A v\u00edtima Juliana havia informado no Boletim de Ocorr\u00eancia registrado que seriam \u201cmoleques\u201d (menores de idade). Eles quebraram tudo que havia no local, um televisor de 29 polegadas, quebraram e subtra\u00edram garrafas bebidas, roubaram o dinheiro que estava no caixa, assim como um aparelho de telefone celular.<\/div>\n<div><\/div>\n<div>Os delinquentes roubaram tamb\u00e9m uma motocicleta Honda CG 150 de placa OOO 1057 de Campo Grande que estava estacionada nos fundos do estabelecimento.<\/div>\n<div><\/div>\n<div>De acordo com a v\u00edtima, ela trabalha na boate denominada \u201cBar Bambu\u201d localizada na Avenida Vereador Kendi Nakai onde chegaram encapuzados e armados com peda\u00e7os de pau e passaram a amea\u00e7\u00e1-la, assim como sua amiga Daiane Villalba.<\/div>\n<div><\/div>\n<div><strong>C\u00e2meras instaladas na cidade:<\/strong><\/div>\n<div><\/div>\n<div>Uma c\u00e2mera que permite monitorar o movimento est\u00e1 instalada na rotat\u00f3ria que da acesso ao Munic\u00edpio de Chapad\u00e3o do Sul, pr\u00f3ximo de onde est\u00e1 localizada a boate. O Hora da Not\u00edcia apurou que o equipamento que poderia identificar os acusados e as imagens servirem de prova n\u00e3o est\u00e1 funcionando.<\/div>\n<div><\/div>\n<div><\/div>\n<div><\/div>\n<div><\/div>\n<div><\/div>\n<div><\/div>\n<div><em><strong>Informa\u00e7\u00f5es do Hora da Noticia<\/strong><\/em><\/div>\n","protected":false},"excerpt":{"rendered":"<p>A pol\u00edcia agiu r\u00e1pido, em menos de 24 horas prendeu seis acusados de roubar na boate denominada \u201cBar Bambu\u201d localizada na Avenida Vereador Kendi Nakai na madrugada desta ter\u00e7a-feira (26) quando promoveram \u201do terror\u201d de acordo com Boletim de Ocorr\u00eancia registrado por Juliana da Silva Lima, 29 anos. Entre os presos h\u00e1 um menor de [&hellip;]<\/p>\n","protected":false},"author":4,"featured_media":26202,"comment_status":"closed","ping_status":"closed","sticky":false,"template":"","format":"standard","meta":{"footnotes":""},"categories":[25,38],"tags":[],"class_list":["post-26201","post","type-post","status-publish","format-standard","has-post-thumbnail","hentry","category-costa-rica","category-policia"],"_links":{"self":[{"href":"https:\/\/www.ocorreionews.com.br\/acervo-correio\/index.php?rest_route=\/wp\/v2\/posts\/26201","targetHints":{"allow":["GET"]}}],"collection":[{"href":"https:\/\/www.ocorreionews.com.br\/acervo-correio\/index.php?rest_route=\/wp\/v2\/posts"}],"about":[{"href":"https:\/\/www.ocorreionews.com.br\/acervo-correio\/index.php?rest_route=\/wp\/v2\/types\/post"}],"author":[{"embeddable":true,"href":"https:\/\/www.ocorreionews.com.br\/acervo-correio\/index.php?rest_route=\/wp\/v2\/users\/4"}],"replies":[{"embeddable":true,"href":"https:\/\/www.ocorreionews.com.br\/acervo-correio\/index.php?rest_route=%2Fwp%2Fv2%2Fcomments&post=26201"}],"version-history":[{"count":0,"href":"https:\/\/www.ocorreionews.com.br\/acervo-correio\/index.php?rest_route=\/wp\/v2\/posts\/26201\/revisions"}],"wp:featuredmedia":[{"embeddable":true,"href":"https:\/\/www.ocorreionews.com.br\/acervo-correio\/index.php?rest_route=\/wp\/v2\/media\/26202"}],"wp:attachment":[{"href":"https:\/\/www.ocorreionews.com.br\/acervo-correio\/index.php?rest_route=%2Fwp%2Fv2%2Fmedia&parent=26201"}],"wp:term":[{"taxonomy":"category","embeddable":true,"href":"https:\/\/www.ocorreionews.com.br\/acervo-correio\/index.php?rest_route=%2Fwp%2Fv2%2Fcategories&post=26201"},{"taxonomy":"post_tag","embeddable":true,"href":"https:\/\/www.ocorreionews.com.br\/acervo-correio\/index.php?rest_route=%2Fwp%2Fv2%2Ftags&post=26201"}],"curies":[{"name":"wp","href":"https:\/\/api.w.org\/{rel}","templated":true}]}}