{"id":26226,"date":"2016-04-27T10:24:03","date_gmt":"2016-04-27T14:24:03","guid":{"rendered":"https:\/\/ocorreionews.com.br\/?p=26226"},"modified":"2016-04-27T10:24:03","modified_gmt":"2016-04-27T14:24:03","slug":"vacinacao-contra-a-gripe-comeca-no-sabado-30-em-costa-rica","status":"publish","type":"post","link":"https:\/\/www.ocorreionews.com.br\/acervo-correio\/?p=26226","title":{"rendered":"Vacina\u00e7\u00e3o contra a gripe come\u00e7a no s\u00e1bado (30) em Costa Rica"},"content":{"rendered":"<div class=\"marginBottom30px link-Internas\">\n<p>A Secretaria de Sa\u00fade de Costa Rica \u2013 MS por meio da Vigil\u00e2ncia Epidemiol\u00f3gica realiza a partir de s\u00e1bado, 30 de abril de 2016, a 18\u00ba Campanha Nacional de Vacina\u00e7\u00e3o contra a Influenza que seguir\u00e1 at\u00e9 o dia 20 de maio.<\/p>\n<p>Tamb\u00e9m no s\u00e1bado (30) ser\u00e1 realizado o Dia D da 18\u00aa Campanha Nacional de Vacina\u00e7\u00e3o contra a Influenza. De acordo com a secret\u00e1ria Municipal de Sa\u00fade, Adriana Tobal, o objetivo da vacina \u00e9 reduzir as complica\u00e7\u00f5es, as interna\u00e7\u00f5es e a mortalidade decorrente das infec\u00e7\u00f5es pelo v\u00edrus da influenza. Em Costa Rica, a campanha ser\u00e1 realizada das 08h at\u00e9 \u00e0s 17h nas ESFs \u2013 Estrat\u00e9gia de Sa\u00fade da Fam\u00edlia &#8211; Central, Sonho Meu III, Vale do Amanhecer \/ Rural, Vila Nunes e S\u00e3o Francisco.<\/p>\n<p>\u201cO p\u00fablico alvo na cidade representa aproximadamente 4.416 pessoas. A meta \u00e9 vacinar, pelo menos, 80% de cada um dos grupos priorit\u00e1rios para vacina\u00e7\u00e3o\u201d, explica a secret\u00e1ria que lembra a popula\u00e7\u00e3o de n\u00e3o se esquecer de levar o cart\u00e3o de vacina\u00e7\u00e3o.<\/p>\n<p><strong>Grupos priorit\u00e1rios<\/strong><br \/>\nNesta campanha, al\u00e9m de indiv\u00edduos com 60 anos ou mais de idade, ser\u00e3o vacinadas pessoas que trabalham na \u00e1rea de sa\u00fade, os povos ind\u00edgenas, as crian\u00e7as na faixa et\u00e1ria de 06 meses a menores de 5 anos de idade (4 anos, 11 meses e 29 dias), as gestantes, as pu\u00e9rperas (at\u00e9 45 dias ap\u00f3s o parto), os grupos portadores de doen\u00e7as cr\u00f4nicas n\u00e3o transmiss\u00edveis e outras condi\u00e7\u00f5es cl\u00ednicas especiais, a popula\u00e7\u00e3o privada de liberdade e os funcion\u00e1rios do sistema prisional.<\/p>\n<p><strong>Confira abaixo a estimativa populacional para Campanha de Influenza neste ano em Costa Rica:<\/strong><br \/>\nIdosos: 1.890<br \/>\nCrian\u00e7as de 06meses a menores de 02 anos: 587<br \/>\nCrian\u00e7as de 02 anos a menores de 04 anos, 11meses e 29 dias: 861<br \/>\nGestantes: 293<br \/>\nPu\u00e9rperas at\u00e9 45dias ap\u00f3s o parto: 48<br \/>\nTrabalhadores de Sa\u00fade: 376<br \/>\nComorbidades: 361.<\/p>\n<p><strong>Doen\u00e7a<\/strong><br \/>\nA Influenza \u00e9 uma doen\u00e7a respirat\u00f3ria infecciosa de origem viral e \u00e9 um problema de sa\u00fade p\u00fablica no Brasil. Esta patologia pode levar a complica\u00e7\u00f5es graves e ao \u00f3bito, especialmente nos grupos de alto risco para as complica\u00e7\u00f5es de infec\u00e7\u00e3o viral (crian\u00e7as menores de 05 anos de idade, gestantes, adultos com 60 anos ou mais, portadores de doen\u00e7as cr\u00f4nicas n\u00e3o transmiss\u00edveis e outras condi\u00e7\u00f5es cl\u00ednicas especiais). A cada ano esta gripe pode se apresentar de forma diferente, assim como a in-fec\u00e7\u00e3o pode afetar diferentemente as pessoas.<\/p>\n<p>A principal interven\u00e7\u00e3o preventiva para este agravo \u00e9 a vacina\u00e7\u00e3o. A campanha anual, realizada desde 1999, entre os meses de abril e maio, vem contribuindo ao longo dos anos para a preven\u00e7\u00e3o da gripe nos grupos vacinados, al\u00e9m de apresentar impacto na redu\u00e7\u00e3o das interna\u00e7\u00f5es hospitalares, gastos com medicamentos para tratamento de infec\u00e7\u00f5es secund\u00e1rias e mortes evit\u00e1veis.<\/p>\n<p>A 18\u00ba Campanha Nacional de Vacina\u00e7\u00e3o contra a Influenza \u00e9 realizada pelo Minist\u00e9rio da Sa\u00fade, por meio da CGPNI &#8211; Coordena\u00e7\u00e3o-Geral do Programa Nacional de Imuniza\u00e7\u00f5es e Departamento de Vigil\u00e2ncia das Doen\u00e7as Transmiss\u00edveis, da Secretaria de Vigil\u00e2ncia em Sa\u00fade.<\/p>\n<\/div>\n<p>&nbsp;<\/p>\n<p>&nbsp;<\/p>\n<p>&nbsp;<\/p>\n<p>&nbsp;<\/p>\n<div class=\"marginBottom30px link-Internas\">ASSECOM\/PMCR<\/div>\n","protected":false},"excerpt":{"rendered":"<p>A Secretaria de Sa\u00fade de Costa Rica \u2013 MS por meio da Vigil\u00e2ncia Epidemiol\u00f3gica realiza a partir de s\u00e1bado, 30 de abril de 2016, a 18\u00ba Campanha Nacional de Vacina\u00e7\u00e3o contra a Influenza que seguir\u00e1 at\u00e9 o dia 20 de maio. Tamb\u00e9m no s\u00e1bado (30) ser\u00e1 realizado o Dia D da 18\u00aa Campanha Nacional de [&hellip;]<\/p>\n","protected":false},"author":4,"featured_media":26227,"comment_status":"closed","ping_status":"closed","sticky":false,"template":"","format":"standard","meta":{"footnotes":""},"categories":[25],"tags":[],"class_list":["post-26226","post","type-post","status-publish","format-standard","has-post-thumbnail","hentry","category-costa-rica"],"_links":{"self":[{"href":"https:\/\/www.ocorreionews.com.br\/acervo-correio\/index.php?rest_route=\/wp\/v2\/posts\/26226","targetHints":{"allow":["GET"]}}],"collection":[{"href":"https:\/\/www.ocorreionews.com.br\/acervo-correio\/index.php?rest_route=\/wp\/v2\/posts"}],"about":[{"href":"https:\/\/www.ocorreionews.com.br\/acervo-correio\/index.php?rest_route=\/wp\/v2\/types\/post"}],"author":[{"embeddable":true,"href":"https:\/\/www.ocorreionews.com.br\/acervo-correio\/index.php?rest_route=\/wp\/v2\/users\/4"}],"replies":[{"embeddable":true,"href":"https:\/\/www.ocorreionews.com.br\/acervo-correio\/index.php?rest_route=%2Fwp%2Fv2%2Fcomments&post=26226"}],"version-history":[{"count":0,"href":"https:\/\/www.ocorreionews.com.br\/acervo-correio\/index.php?rest_route=\/wp\/v2\/posts\/26226\/revisions"}],"wp:featuredmedia":[{"embeddable":true,"href":"https:\/\/www.ocorreionews.com.br\/acervo-correio\/index.php?rest_route=\/wp\/v2\/media\/26227"}],"wp:attachment":[{"href":"https:\/\/www.ocorreionews.com.br\/acervo-correio\/index.php?rest_route=%2Fwp%2Fv2%2Fmedia&parent=26226"}],"wp:term":[{"taxonomy":"category","embeddable":true,"href":"https:\/\/www.ocorreionews.com.br\/acervo-correio\/index.php?rest_route=%2Fwp%2Fv2%2Fcategories&post=26226"},{"taxonomy":"post_tag","embeddable":true,"href":"https:\/\/www.ocorreionews.com.br\/acervo-correio\/index.php?rest_route=%2Fwp%2Fv2%2Ftags&post=26226"}],"curies":[{"name":"wp","href":"https:\/\/api.w.org\/{rel}","templated":true}]}}