{"id":26228,"date":"2016-04-27T10:16:57","date_gmt":"2016-04-27T14:16:57","guid":{"rendered":"https:\/\/ocorreionews.com.br\/?p=26228"},"modified":"2016-04-27T10:16:57","modified_gmt":"2016-04-27T14:16:57","slug":"conferencia-mundial-de-pesquisa-do-algodao-reune-os-maiores-especialistas-da-cultura-em-goiania","status":"publish","type":"post","link":"https:\/\/www.ocorreionews.com.br\/acervo-correio\/?p=26228","title":{"rendered":"Confer\u00eancia Mundial de Pesquisa do Algod\u00e3o re\u00fane os maiores especialistas da cultura em Goi\u00e2nia"},"content":{"rendered":"<p style=\"text-align: justify;\">Cerca de 300 estudiosos de 35 pa\u00edses est\u00e3o inscritos nos eventos. O objetivo \u00e9 promover o debate entre os pesquisadores envolvidos com o setor coton\u00edcola e o interc\u00e2mbio das principais inova\u00e7\u00f5es cient\u00edficas voltadas para a sustentabilidade econ\u00f4mica, social e ambiental da cultura do algod\u00e3o.<\/p>\n<p style=\"text-align: justify;\">Durante os cinco dias de evento ser\u00e3o realizadas palestras com pesquisadores de renome internacional e apresenta\u00e7\u00e3o de trabalhos cient\u00edficos desenvolvidos em v\u00e1rias localidades do mundo, al\u00e9m de duas visitas t\u00e9cnicas, sendo a primeira numa lavoura de algod\u00e3o e unidade de beneficiamento, e a segunda no laborat\u00f3rio de classifica\u00e7\u00e3o do algod\u00e3o da Associa\u00e7\u00e3o Goiana dos Produtores de Algod\u00e3o (Agopa) e no campo experimental da Embrapa, em Goi\u00e1s.<\/p>\n<p style=\"text-align: justify;\">Na manh\u00e3 do dia 2, acontecer\u00e3o duas confer\u00eancias com os temas \u201cSolu\u00e7\u00f5es inovadoras de pesquisa para melhorar a produ\u00e7\u00e3o de algod\u00e3o: qu\u00e3o perto estamos?\u201d e \u201cConectando produtores com a pesquisa\u201d. Nas manh\u00e3s dos dias 3 a 6 de maio ser\u00e3o realizadas oito sess\u00f5es plen\u00e1rias, com tradu\u00e7\u00e3o simult\u00e2nea para o portugu\u00eas e espanhol, assim como as confer\u00eancias do dia 2. As sess\u00f5es paralelas e as oficinas ser\u00e3o no per\u00edodo da tarde, exclusivamente em ingl\u00eas.<\/p>\n<p style=\"text-align: justify;\">Entre os palestrantes est\u00e3o pesquisadores do Brasil, Austr\u00e1lia, Estados Unidos, \u00cdndia, Alemanha, Fran\u00e7a e Tanz\u00e2nia. O pesquisador da Embrapa Algod\u00e3o, Camilo de Lelis Morello, apresentar\u00e1 sua pesquisa sobre desenvolvimento do germoplasma do algod\u00e3o adaptado ao Cerrado brasileiro.<\/p>\n<p style=\"text-align: justify;\">O WCRC-6 j\u00e1 passou por Gr\u00e9cia, Austr\u00e1lia, \u00c1frica do Sul, Estados Unidos e \u00cdndia. Segundo os organizadores, o Brasil foi escolhido para sediar esta edi\u00e7\u00e3o do evento por sua expressiva participa\u00e7\u00e3o na produ\u00e7\u00e3o mundial de algod\u00e3o e por ser uma refer\u00eancia internacional em pesquisa agropecu\u00e1ria. O Brasil \u00e9 o quinto maior produtor mundial de algod\u00e3o e terceiro maior exportador, gra\u00e7as a sua bem estruturada cadeia produtiva e aos investimentos em pesquisa e tecnologia, com mecaniza\u00e7\u00e3o total do processo do plantio \u00e0 colheita. O pa\u00eds tamb\u00e9m \u00e9 um grande consumidor de algod\u00e3o, com um consumo interno de mais de um milh\u00e3o de toneladas de pluma por ano. O Estado de Goi\u00e1s \u00e9 terceiro maior produtor nacional de algod\u00e3o e foi escolhido estrategicamente para proporcionar aos participantes a oportunidade de conhecerem as \u00e1reas produtivas e o sistema de cultivo do algodoeiro no Cerrado brasileiro.<\/p>\n<p style=\"text-align: justify;\">Os eventos ser\u00e3o realizados pela Agopa, Embrapa, Fundo de Incentivo \u00e0 Cultura do Algod\u00e3o em Goi\u00e1s (Fialgo), Funda\u00e7\u00e3o Goi\u00e1s, Comit\u00ea Consultivo Internacional do Algod\u00e3o (ICAC) e Associa\u00e7\u00e3o Internacional de Pesquisadores do Algod\u00e3o (ICRA), com o apoio da Associa\u00e7\u00e3o Brasileira dos Produtores de Algod\u00e3o (Abrapa), Instituto Brasileiro do Algod\u00e3o (IBA), Federa\u00e7\u00e3o da Agricultura e Pecu\u00e1ria de Goi\u00e1s (FAEG), Centro de Coopera\u00e7\u00e3o Internacional em Pesquisa Agron\u00f4mica para o Desenvolvimento (CIRAD), Centro Internacional para a Agricultura e Bioci\u00eancia (CABI) e Governo do Estado de Goi\u00e1s.<\/p>\n<p style=\"text-align: justify;\">A programa\u00e7\u00e3o completa est\u00e1 dispon\u00edvel no site do evento: <a href=\"http:\/\/www.wcrc-6.com\/index.html\" target=\"_blank\">http:\/\/www.wcrc-6.com\/index.<wbr \/>html<\/a><\/p>\n<p style=\"text-align: justify;\"><b>Servi\u00e7o:<\/b><\/p>\n<p style=\"text-align: justify;\">6\u00aa Confer\u00eancia Mundial de Pesquisa do Algod\u00e3o (WCRC-6) e<br \/>\nConfer\u00eancia da Iniciativa Internacional de Gen\u00f4mica do Algod\u00e3o<br \/>\nPer\u00edodo: 2 a 6 de maio<br \/>\nLocal: Centro de Conven\u00e7\u00f5es (Rua 4, 1400 &#8211; Setor Central, Goi\u00e2nia \u2013 GO)<br \/>\nHor\u00e1rio: 8h30 \u00e0s 17h30<\/p>\n","protected":false},"excerpt":{"rendered":"<p>Cerca de 300 estudiosos de 35 pa\u00edses est\u00e3o inscritos nos eventos. O objetivo \u00e9 promover o debate entre os pesquisadores envolvidos com o setor coton\u00edcola e o interc\u00e2mbio das principais inova\u00e7\u00f5es cient\u00edficas voltadas para a sustentabilidade econ\u00f4mica, social e ambiental da cultura do algod\u00e3o. Durante os cinco dias de evento ser\u00e3o realizadas palestras com pesquisadores [&hellip;]<\/p>\n","protected":false},"author":4,"featured_media":26229,"comment_status":"closed","ping_status":"closed","sticky":false,"template":"","format":"standard","meta":{"footnotes":""},"categories":[17],"tags":[],"class_list":["post-26228","post","type-post","status-publish","format-standard","has-post-thumbnail","hentry","category-agropecuaria"],"_links":{"self":[{"href":"https:\/\/www.ocorreionews.com.br\/acervo-correio\/index.php?rest_route=\/wp\/v2\/posts\/26228","targetHints":{"allow":["GET"]}}],"collection":[{"href":"https:\/\/www.ocorreionews.com.br\/acervo-correio\/index.php?rest_route=\/wp\/v2\/posts"}],"about":[{"href":"https:\/\/www.ocorreionews.com.br\/acervo-correio\/index.php?rest_route=\/wp\/v2\/types\/post"}],"author":[{"embeddable":true,"href":"https:\/\/www.ocorreionews.com.br\/acervo-correio\/index.php?rest_route=\/wp\/v2\/users\/4"}],"replies":[{"embeddable":true,"href":"https:\/\/www.ocorreionews.com.br\/acervo-correio\/index.php?rest_route=%2Fwp%2Fv2%2Fcomments&post=26228"}],"version-history":[{"count":0,"href":"https:\/\/www.ocorreionews.com.br\/acervo-correio\/index.php?rest_route=\/wp\/v2\/posts\/26228\/revisions"}],"wp:featuredmedia":[{"embeddable":true,"href":"https:\/\/www.ocorreionews.com.br\/acervo-correio\/index.php?rest_route=\/wp\/v2\/media\/26229"}],"wp:attachment":[{"href":"https:\/\/www.ocorreionews.com.br\/acervo-correio\/index.php?rest_route=%2Fwp%2Fv2%2Fmedia&parent=26228"}],"wp:term":[{"taxonomy":"category","embeddable":true,"href":"https:\/\/www.ocorreionews.com.br\/acervo-correio\/index.php?rest_route=%2Fwp%2Fv2%2Fcategories&post=26228"},{"taxonomy":"post_tag","embeddable":true,"href":"https:\/\/www.ocorreionews.com.br\/acervo-correio\/index.php?rest_route=%2Fwp%2Fv2%2Ftags&post=26228"}],"curies":[{"name":"wp","href":"https:\/\/api.w.org\/{rel}","templated":true}]}}