{"id":26232,"date":"2016-04-27T10:37:46","date_gmt":"2016-04-27T14:37:46","guid":{"rendered":"https:\/\/ocorreionews.com.br\/?p=26232"},"modified":"2016-04-27T10:37:46","modified_gmt":"2016-04-27T14:37:46","slug":"secretaria-municipal-de-assistencia-social-abre-inscricoes-para-o-baile-de-debutantes","status":"publish","type":"post","link":"https:\/\/www.ocorreionews.com.br\/acervo-correio\/?p=26232","title":{"rendered":"Secretaria Municipal de Assist\u00eancia Social abre inscri\u00e7\u00f5es para o Baile de Debutantes"},"content":{"rendered":"<div class=\"marginBottom30px link-Internas\">\n<p>O Governo Municipal por meio da Secretaria de Assist\u00eancia Social de Costa Rica \u2013 MS abriu nesta segunda-feira, 25 de abril de 2016, as inscri\u00e7\u00f5es para que todas as adolescentes nascidas nos anos de 2000 e 2001 (15 e 16 anos) possam participar do Baile de Debutantes.<\/p>\n<p>As inscri\u00e7\u00f5es devem ser feitas na sede da Secretaria Municipal de Assist\u00eancia localizada na Rua Ambrosina Paes Coelho, N\u00b0. 272, Centro, at\u00e9 o dia 06 de maio de 2016 (sexta-feira). As adolescentes interessadas devem levar um documento de identidade com foto, Certid\u00e3o de Nascimento juntamente com o comprovante de endere\u00e7o e um telefone para contato. Para mais informa\u00e7\u00f5es (67) 3247 7061.<\/p>\n<p>Para o prefeito Waldeli dos Santos Rosa debutar \u00e9 mais que a realiza\u00e7\u00e3o de um sonho, \u00e9 o come\u00e7o de uma nova fase na vida de uma jovem que completa 15 anos. \u201cApesar do momento que o Pa\u00eds vem passando, vou continuar realizando o baile. O mais importante pra mim \u00e9 ver o sorriso de felicidade estampado no rosto destas meninas\u201d, enfatiza.<\/p>\n<p>\u201cMais do que realizar o sonho de debutar das jovens, a iniciativa tem como objetivo contribuir na forma\u00e7\u00e3o moral das adolescentes e fortalecer os v\u00ednculos familiares\u201d, explica a secret\u00e1ria interina de Assist\u00eancia Social, Luana Oliveira da Silva.<\/p>\n<p>A Festa de Debutantes est\u00e1 agendada para ser realizada no dia 11 de junho de 2016 (s\u00e1bado), a partir das 20 horas, no Centro de Eventos Ramez Tebet. Durante o evento ser\u00e1 oferecido coquetel para os convidados.<\/p>\n<\/div>\n<div class=\"marginBottom30px link-Internas\">ASSECOM\/PMCR<\/div>\n","protected":false},"excerpt":{"rendered":"<p>O Governo Municipal por meio da Secretaria de Assist\u00eancia Social de Costa Rica \u2013 MS abriu nesta segunda-feira, 25 de abril de 2016, as inscri\u00e7\u00f5es para que todas as adolescentes nascidas nos anos de 2000 e 2001 (15 e 16 anos) possam participar do Baile de Debutantes. As inscri\u00e7\u00f5es devem ser feitas na sede da [&hellip;]<\/p>\n","protected":false},"author":4,"featured_media":26233,"comment_status":"closed","ping_status":"closed","sticky":false,"template":"","format":"standard","meta":{"footnotes":""},"categories":[25],"tags":[],"class_list":["post-26232","post","type-post","status-publish","format-standard","has-post-thumbnail","hentry","category-costa-rica"],"_links":{"self":[{"href":"https:\/\/www.ocorreionews.com.br\/acervo-correio\/index.php?rest_route=\/wp\/v2\/posts\/26232","targetHints":{"allow":["GET"]}}],"collection":[{"href":"https:\/\/www.ocorreionews.com.br\/acervo-correio\/index.php?rest_route=\/wp\/v2\/posts"}],"about":[{"href":"https:\/\/www.ocorreionews.com.br\/acervo-correio\/index.php?rest_route=\/wp\/v2\/types\/post"}],"author":[{"embeddable":true,"href":"https:\/\/www.ocorreionews.com.br\/acervo-correio\/index.php?rest_route=\/wp\/v2\/users\/4"}],"replies":[{"embeddable":true,"href":"https:\/\/www.ocorreionews.com.br\/acervo-correio\/index.php?rest_route=%2Fwp%2Fv2%2Fcomments&post=26232"}],"version-history":[{"count":0,"href":"https:\/\/www.ocorreionews.com.br\/acervo-correio\/index.php?rest_route=\/wp\/v2\/posts\/26232\/revisions"}],"wp:featuredmedia":[{"embeddable":true,"href":"https:\/\/www.ocorreionews.com.br\/acervo-correio\/index.php?rest_route=\/wp\/v2\/media\/26233"}],"wp:attachment":[{"href":"https:\/\/www.ocorreionews.com.br\/acervo-correio\/index.php?rest_route=%2Fwp%2Fv2%2Fmedia&parent=26232"}],"wp:term":[{"taxonomy":"category","embeddable":true,"href":"https:\/\/www.ocorreionews.com.br\/acervo-correio\/index.php?rest_route=%2Fwp%2Fv2%2Fcategories&post=26232"},{"taxonomy":"post_tag","embeddable":true,"href":"https:\/\/www.ocorreionews.com.br\/acervo-correio\/index.php?rest_route=%2Fwp%2Fv2%2Ftags&post=26232"}],"curies":[{"name":"wp","href":"https:\/\/api.w.org\/{rel}","templated":true}]}}