{"id":26237,"date":"2016-04-27T10:55:05","date_gmt":"2016-04-27T14:55:05","guid":{"rendered":"https:\/\/ocorreionews.com.br\/?p=26237"},"modified":"2016-04-27T10:55:05","modified_gmt":"2016-04-27T14:55:05","slug":"utilidade-publica-cartorio-eleitoral-de-costa-rica-informa-que-estara-atendendo-ao-publico-nos-dias-02-03-e-04-de-maio-das-8h-as-18h","status":"publish","type":"post","link":"https:\/\/www.ocorreionews.com.br\/acervo-correio\/?p=26237","title":{"rendered":"Utilidade P\u00fablica: Cart\u00f3rio Eleitoral de Costa Rica informa que estar\u00e1 atendendo ao p\u00fablico nos dias 02, 03 e 04 de maio das 8h \u00e0s 18h"},"content":{"rendered":"<p>Atendendo ao Of\u00edcio N\u00b0 2042\/2016 \u2013 TRE\/CRE\/ZE038, assinado pelo Juiz Eleitoral Walter Arthur Alge Netto, o Governo Municipal por meio da Justi\u00e7a Eleitoral comunica que em virtude das Elei\u00e7\u00f5es do corrente ano, o prazo final para a regulariza\u00e7\u00e3o, revis\u00e3o e transfer\u00eancia do T\u00edtulo de Eleitor encerra dia 04 de maio (quarta-feira).<\/p>\n<p>Jovem de 16 a 17 anos exer\u00e7a a sua cidadania participando do processo eleitoral, tire o seu t\u00edtulo at\u00e9 o dia 04 de maio e fa\u00e7a a diferen\u00e7a. Participe da vida pol\u00edtica do Pa\u00eds, ajude a construir um lugar melhor participando das elei\u00e7\u00f5es.<\/p>\n<p>Neste ano com elei\u00e7\u00f5es municipais em todas as regi\u00f5es, ser\u00e1 uma grande oportunidade para voc\u00ea se expressar e fazer valer a sua opini\u00e3o por meio do voto, que \u00e9 secreto e seu por direito.<\/p>\n<p>Diante da relev\u00e2ncia deste momento para a democracia, o Cart\u00f3rio Eleitoral de Costa Rica informa que estar\u00e1 aberto para atendimento ao p\u00fablico nos dias 02, 03 e 04 de maio das 8h \u00e0s 18h.<\/p>\n<p>Os interessados devem comparecer ao Cart\u00f3rio Eleitoral localizado na Rua Jos\u00e9 Pereira da Silva, 373 \u2013 Bairro Santos Dumont, com documento de identifica\u00e7\u00e3o pessoal e comprovante de resid\u00eancia. Para mais informa\u00e7\u00f5es no telefone: (67) 3247 1131.<\/p>\n","protected":false},"excerpt":{"rendered":"<p>Atendendo ao Of\u00edcio N\u00b0 2042\/2016 \u2013 TRE\/CRE\/ZE038, assinado pelo Juiz Eleitoral Walter Arthur Alge Netto, o Governo Municipal por meio da Justi\u00e7a Eleitoral comunica que em virtude das Elei\u00e7\u00f5es do corrente ano, o prazo final para a regulariza\u00e7\u00e3o, revis\u00e3o e transfer\u00eancia do T\u00edtulo de Eleitor encerra dia 04 de maio (quarta-feira). Jovem de 16 a [&hellip;]<\/p>\n","protected":false},"author":4,"featured_media":24815,"comment_status":"closed","ping_status":"closed","sticky":false,"template":"","format":"standard","meta":{"footnotes":""},"categories":[25],"tags":[],"class_list":["post-26237","post","type-post","status-publish","format-standard","has-post-thumbnail","hentry","category-costa-rica"],"_links":{"self":[{"href":"https:\/\/www.ocorreionews.com.br\/acervo-correio\/index.php?rest_route=\/wp\/v2\/posts\/26237","targetHints":{"allow":["GET"]}}],"collection":[{"href":"https:\/\/www.ocorreionews.com.br\/acervo-correio\/index.php?rest_route=\/wp\/v2\/posts"}],"about":[{"href":"https:\/\/www.ocorreionews.com.br\/acervo-correio\/index.php?rest_route=\/wp\/v2\/types\/post"}],"author":[{"embeddable":true,"href":"https:\/\/www.ocorreionews.com.br\/acervo-correio\/index.php?rest_route=\/wp\/v2\/users\/4"}],"replies":[{"embeddable":true,"href":"https:\/\/www.ocorreionews.com.br\/acervo-correio\/index.php?rest_route=%2Fwp%2Fv2%2Fcomments&post=26237"}],"version-history":[{"count":0,"href":"https:\/\/www.ocorreionews.com.br\/acervo-correio\/index.php?rest_route=\/wp\/v2\/posts\/26237\/revisions"}],"wp:featuredmedia":[{"embeddable":true,"href":"https:\/\/www.ocorreionews.com.br\/acervo-correio\/index.php?rest_route=\/wp\/v2\/media\/24815"}],"wp:attachment":[{"href":"https:\/\/www.ocorreionews.com.br\/acervo-correio\/index.php?rest_route=%2Fwp%2Fv2%2Fmedia&parent=26237"}],"wp:term":[{"taxonomy":"category","embeddable":true,"href":"https:\/\/www.ocorreionews.com.br\/acervo-correio\/index.php?rest_route=%2Fwp%2Fv2%2Fcategories&post=26237"},{"taxonomy":"post_tag","embeddable":true,"href":"https:\/\/www.ocorreionews.com.br\/acervo-correio\/index.php?rest_route=%2Fwp%2Fv2%2Ftags&post=26237"}],"curies":[{"name":"wp","href":"https:\/\/api.w.org\/{rel}","templated":true}]}}