{"id":26244,"date":"2016-04-27T13:14:37","date_gmt":"2016-04-27T17:14:37","guid":{"rendered":"https:\/\/ocorreionews.com.br\/?p=26244"},"modified":"2016-04-27T13:14:37","modified_gmt":"2016-04-27T17:14:37","slug":"policia-militar-recupera-moto-furtada-e-prende-autor-de-ameacas-em-lanchonete-na-cidade-de-costa-rica","status":"publish","type":"post","link":"https:\/\/www.ocorreionews.com.br\/acervo-correio\/?p=26244","title":{"rendered":"Pol\u00edcia Militar recupera moto furtada e prende autor de amea\u00e7as em lanchonete na cidade de Costa Rica"},"content":{"rendered":"<p>Na noite desta ter\u00e7a-feira (27) um homem come\u00e7ou a ser agredido com tijoladas em frente a sua casa na cidade de Costa Rica \u2013 MS. Diante da situa\u00e7\u00e3o, correu para dentro de sua resid\u00eancia e ligou para a Pol\u00edcia Militar. Enquanto a v\u00edtima acionava a PM, o autor furtou uma moto Honda BIZ que se encontrava em frente a referida casa.<\/p>\n<p><a href=\"http:\/\/www.pm.ms.gov.br\/wp-content\/uploads\/sites\/36\/2016\/04\/IMG-20160307-WA0026.jpg\" rel=\"attachment wp-att-24070\"><img loading=\"lazy\" decoding=\"async\" class=\"size-medium wp-image-24070 alignleft\" src=\"http:\/\/www.pm.ms.gov.br\/wp-content\/uploads\/sites\/36\/2016\/04\/IMG-20160307-WA0026-224x300.jpg\" sizes=\"auto, (max-width: 224px) 100vw, 224px\" srcset=\"http:\/\/www.pm.ms.gov.br\/wp-content\/uploads\/sites\/36\/2016\/04\/IMG-20160307-WA0026-224x300.jpg 224w, http:\/\/www.pm.ms.gov.br\/wp-content\/uploads\/sites\/36\/2016\/04\/IMG-20160307-WA0026-768x1028.jpg 768w, http:\/\/www.pm.ms.gov.br\/wp-content\/uploads\/sites\/36\/2016\/04\/IMG-20160307-WA0026-765x1024.jpg 765w, http:\/\/www.pm.ms.gov.br\/wp-content\/uploads\/sites\/36\/2016\/04\/IMG-20160307-WA0026.jpg 956w\" alt=\"IMG-20160307-WA0026\" width=\"224\" height=\"300\" \/><\/a>Ao tomar conhecimento dos fatos, uma guarni\u00e7\u00e3o da Pol\u00edcia Militar iniciou uma varredura na cidade no intuito de recuperar a moto. Acontece que durante as buscas, uma nova solicita\u00e7\u00e3o surgiu. Segundo o comunicante, havia um homem com atitudes agressivas, amea\u00e7ando com uma faca o propriet\u00e1rio da lanchonete\u00a0 <em>Centrus Espetos<\/em>.<\/p>\n<p>&nbsp;<\/p>\n<p>Diante dos fatos, a guarni\u00e7\u00e3o PM interrompeu as buscas da moto e dirigiu-se rumo \u00e0 lanchonete para atender a solicita\u00e7\u00e3o. Ao chegar no local, foi tomado as medidas pertinentes para conten\u00e7\u00e3o do indiv\u00edduo que portava uma faca, sendo o mesmo algemado e preso.<a href=\"http:\/\/www.pm.ms.gov.br\/wp-content\/uploads\/sites\/36\/2016\/04\/IMG-20160307-WA0028.jpg\" rel=\"attachment wp-att-24071\"><img loading=\"lazy\" decoding=\"async\" class=\"size-medium wp-image-24071 alignright\" src=\"http:\/\/www.pm.ms.gov.br\/wp-content\/uploads\/sites\/36\/2016\/04\/IMG-20160307-WA0028-201x300.jpg\" sizes=\"auto, (max-width: 201px) 100vw, 201px\" srcset=\"http:\/\/www.pm.ms.gov.br\/wp-content\/uploads\/sites\/36\/2016\/04\/IMG-20160307-WA0028-201x300.jpg 201w, http:\/\/www.pm.ms.gov.br\/wp-content\/uploads\/sites\/36\/2016\/04\/IMG-20160307-WA0028.jpg 759w\" alt=\"IMG-20160307-WA0028\" width=\"201\" height=\"300\" \/><\/a><\/p>\n<p>Ap\u00f3s a conten\u00e7\u00e3o do autor da amea\u00e7a na lanchonete, foi averiguado pelos policiais militares que tal indiv\u00edduo tratava-se do mesmo que havia furtado a moto acima mencionada. Assim, a v\u00edtima do furto da moto foi chamada e reconheceu o indiv\u00edduo, constatando de fato ser o ladr\u00e3o de sua moto.<\/p>\n<p>&nbsp;<\/p>\n<p>Ap\u00f3s di\u00e1logo com o autor, o mesmo informou aos policiais militares\u00a0 onde encontrava-se a moto furtada. A guarni\u00e7\u00e3o deslocou-se at\u00e9 o local e recuperou o ve\u00edculo, que foi entregue junto com o preso na delegacia.<\/p>\n<p>&nbsp;<\/p>\n<p>&nbsp;<\/p>\n<p><strong><em>POL\u00cdCIA MILITAR, SERVINDO E PROTEGENDO O CIDAD\u00c3O!<\/em><\/strong><\/p>\n<p><strong><em>Assessoria de Comunica\u00e7\u00e3o \u2013 4\u00aa CIPM<\/em><\/strong><\/p>\n","protected":false},"excerpt":{"rendered":"<p>Na noite desta ter\u00e7a-feira (27) um homem come\u00e7ou a ser agredido com tijoladas em frente a sua casa na cidade de Costa Rica \u2013 MS. Diante da situa\u00e7\u00e3o, correu para dentro de sua resid\u00eancia e ligou para a Pol\u00edcia Militar. Enquanto a v\u00edtima acionava a PM, o autor furtou uma moto Honda BIZ que se [&hellip;]<\/p>\n","protected":false},"author":4,"featured_media":26245,"comment_status":"closed","ping_status":"closed","sticky":false,"template":"","format":"standard","meta":{"footnotes":""},"categories":[41,38],"tags":[],"class_list":["post-26244","post","type-post","status-publish","format-standard","has-post-thumbnail","hentry","category-destaque","category-policia"],"_links":{"self":[{"href":"https:\/\/www.ocorreionews.com.br\/acervo-correio\/index.php?rest_route=\/wp\/v2\/posts\/26244","targetHints":{"allow":["GET"]}}],"collection":[{"href":"https:\/\/www.ocorreionews.com.br\/acervo-correio\/index.php?rest_route=\/wp\/v2\/posts"}],"about":[{"href":"https:\/\/www.ocorreionews.com.br\/acervo-correio\/index.php?rest_route=\/wp\/v2\/types\/post"}],"author":[{"embeddable":true,"href":"https:\/\/www.ocorreionews.com.br\/acervo-correio\/index.php?rest_route=\/wp\/v2\/users\/4"}],"replies":[{"embeddable":true,"href":"https:\/\/www.ocorreionews.com.br\/acervo-correio\/index.php?rest_route=%2Fwp%2Fv2%2Fcomments&post=26244"}],"version-history":[{"count":0,"href":"https:\/\/www.ocorreionews.com.br\/acervo-correio\/index.php?rest_route=\/wp\/v2\/posts\/26244\/revisions"}],"wp:featuredmedia":[{"embeddable":true,"href":"https:\/\/www.ocorreionews.com.br\/acervo-correio\/index.php?rest_route=\/wp\/v2\/media\/26245"}],"wp:attachment":[{"href":"https:\/\/www.ocorreionews.com.br\/acervo-correio\/index.php?rest_route=%2Fwp%2Fv2%2Fmedia&parent=26244"}],"wp:term":[{"taxonomy":"category","embeddable":true,"href":"https:\/\/www.ocorreionews.com.br\/acervo-correio\/index.php?rest_route=%2Fwp%2Fv2%2Fcategories&post=26244"},{"taxonomy":"post_tag","embeddable":true,"href":"https:\/\/www.ocorreionews.com.br\/acervo-correio\/index.php?rest_route=%2Fwp%2Fv2%2Ftags&post=26244"}],"curies":[{"name":"wp","href":"https:\/\/api.w.org\/{rel}","templated":true}]}}