{"id":26270,"date":"2016-04-28T07:22:41","date_gmt":"2016-04-28T11:22:41","guid":{"rendered":"https:\/\/ocorreionews.com.br\/?p=26270"},"modified":"2016-04-28T07:22:41","modified_gmt":"2016-04-28T11:22:41","slug":"envelhecimento-dos-canaviais-pode-prejudicar-producao-de-acucar-brasileira-no-futuro","status":"publish","type":"post","link":"https:\/\/www.ocorreionews.com.br\/acervo-correio\/?p=26270","title":{"rendered":"Envelhecimento dos canaviais pode prejudicar produ\u00e7\u00e3o de a\u00e7\u00facar brasileira no futuro"},"content":{"rendered":"<div id=\"ctl00_cphConteudo_UcNoticiasDetalhe1_ucNoticia1_corpoNoticia\" class=\"corpo\">\n<p>As condi\u00e7\u00f5es clim\u00e1ticas n\u00e3o poderiam ter sido melhores durante os \u00faltimos 30 dias para o in\u00edcio da colheita da cana no centro-sul do Brasil, mas a seca que acelerou a moagem reteve o replantio de canaviais mais velhos, o que pode impactar negativamente as produ\u00e7\u00f5es futuras.<\/p>\n<p>O Brasil est\u00e1 nos primeiros est\u00e1gios de uma safra recorde de cana que pode atingir at\u00e9 630 milh\u00f5es de toneladas, de acordo com o grupo industrial Unica, gra\u00e7as \u00e0 amplas chuvas no fim do ano passado e no in\u00edcio deste ano.<\/p>\n<p>As usinas est\u00e3o avan\u00e7ando muito nos campos ap\u00f3s a falta de chuva nos \u00faltimos 35 dias.<\/p>\n<p>Mas, de acordo com especialistas, as boas condi\u00e7\u00f5es para a colheita podem custar ao setor produtividades agr\u00edcolas no futuro, com a seca atingindo a cana rec\u00e9m-plantada e as plantas que est\u00e3o brotando ap\u00f3s o corte em meio \u00e0 falta de umidade.<\/p>\n<p>Vanessa Nardy, analista do Centro de Tecnologia Canavieira (CTC), disse que os canaviais do centro-sul t\u00eam necessidade de renova\u00e7\u00e3o urgente ap\u00f3s anos de investimentos abaixo do ideal devido \u00e0 m\u00e1 situa\u00e7\u00e3o financeira das usinas.<\/p>\n<p>&#8220;Estamos quase 40 por cento abaixo da taxa de replantio de cana vista h\u00e1 dois anos&#8221;, ela disse.<\/p>\n<p>De acordo com dados do CTC, a taxa de replantio dos canaviais est\u00e1 em 10 por cento da \u00e1rea cultivada total em 2015, a m\u00ednima desde pelo menos 2005.<\/p>\n<p>&#8220;Temos preocupa\u00e7\u00e3o com o que vai acontecer no ano que vem&#8221;, disse o diretor t\u00e9cnico da Unica, Antonio de P\u00e1dua Rodrigues.<\/p>\n<p>Na atual temporada 2016\/17, que vai de abril a mar\u00e7o, a quantidade de cana que est\u00e1 chegando ao seu quarto ou quinto ano de cortes aumentou, enquanto as plantas no segundo ou terceiro anos de produ\u00e7\u00e3o caiu.<\/p>\n<p>Os canaviais podem crescer novamente sem replantio por at\u00e9 cinco ou mais anos. Mas eles s\u00e3o mais produtivos nos primeiros anos de produ\u00e7\u00e3o, com o rendimento caindo gradualmente conforme envelhecem.<\/p>\n<p>Mas ambos Nardy e Padua disseram que boas condi\u00e7\u00f5es clim\u00e1ticas, com amplas chuvas, como vistas nos \u00faltimos seis meses, podem compensar para a ocorr\u00eancia de outra grande safra no ano que vem, mesmo se o replantio for abaixo do ideal e os canaviais envelhecerem.<\/p>\n<p>O aprofundamento da crise econ\u00f4mica no Brasil e as fr\u00e1geis condi\u00e7\u00f5es financeiras das usinas do pa\u00eds tamb\u00e9m pressionar\u00e3o os calend\u00e1rios de replantio das usinas.<\/p>\n<p>O replantio \u00e9 uma das opera\u00e7\u00f5es mais caras para uma usina.<\/p>\n<\/div>\n<p>&nbsp;<\/p>\n<div class=\"data cor\"><strong><a href=\"http:\/\/br.reuters.com\/article\/businessNews\/idBRKCN0XO2S0?sp=true\" target=\"_blank\">Reuters<\/a><\/strong><\/div>\n<div class=\"data cor\"><strong><a href=\"http:\/\/br.reuters.com\/article\/businessNews\/idBRKCN0XO2S0?sp=true\" target=\"_blank\">Autor: Marcelo Teixeira<\/a><\/strong><\/div>\n","protected":false},"excerpt":{"rendered":"<p>As condi\u00e7\u00f5es clim\u00e1ticas n\u00e3o poderiam ter sido melhores durante os \u00faltimos 30 dias para o in\u00edcio da colheita da cana no centro-sul do Brasil, mas a seca que acelerou a moagem reteve o replantio de canaviais mais velhos, o que pode impactar negativamente as produ\u00e7\u00f5es futuras. O Brasil est\u00e1 nos primeiros est\u00e1gios de uma safra [&hellip;]<\/p>\n","protected":false},"author":4,"featured_media":5409,"comment_status":"closed","ping_status":"closed","sticky":false,"template":"","format":"standard","meta":{"footnotes":""},"categories":[17],"tags":[],"class_list":["post-26270","post","type-post","status-publish","format-standard","has-post-thumbnail","hentry","category-agropecuaria"],"_links":{"self":[{"href":"https:\/\/www.ocorreionews.com.br\/acervo-correio\/index.php?rest_route=\/wp\/v2\/posts\/26270","targetHints":{"allow":["GET"]}}],"collection":[{"href":"https:\/\/www.ocorreionews.com.br\/acervo-correio\/index.php?rest_route=\/wp\/v2\/posts"}],"about":[{"href":"https:\/\/www.ocorreionews.com.br\/acervo-correio\/index.php?rest_route=\/wp\/v2\/types\/post"}],"author":[{"embeddable":true,"href":"https:\/\/www.ocorreionews.com.br\/acervo-correio\/index.php?rest_route=\/wp\/v2\/users\/4"}],"replies":[{"embeddable":true,"href":"https:\/\/www.ocorreionews.com.br\/acervo-correio\/index.php?rest_route=%2Fwp%2Fv2%2Fcomments&post=26270"}],"version-history":[{"count":0,"href":"https:\/\/www.ocorreionews.com.br\/acervo-correio\/index.php?rest_route=\/wp\/v2\/posts\/26270\/revisions"}],"wp:featuredmedia":[{"embeddable":true,"href":"https:\/\/www.ocorreionews.com.br\/acervo-correio\/index.php?rest_route=\/wp\/v2\/media\/5409"}],"wp:attachment":[{"href":"https:\/\/www.ocorreionews.com.br\/acervo-correio\/index.php?rest_route=%2Fwp%2Fv2%2Fmedia&parent=26270"}],"wp:term":[{"taxonomy":"category","embeddable":true,"href":"https:\/\/www.ocorreionews.com.br\/acervo-correio\/index.php?rest_route=%2Fwp%2Fv2%2Fcategories&post=26270"},{"taxonomy":"post_tag","embeddable":true,"href":"https:\/\/www.ocorreionews.com.br\/acervo-correio\/index.php?rest_route=%2Fwp%2Fv2%2Ftags&post=26270"}],"curies":[{"name":"wp","href":"https:\/\/api.w.org\/{rel}","templated":true}]}}