{"id":26277,"date":"2016-04-28T08:10:03","date_gmt":"2016-04-28T12:10:03","guid":{"rendered":"https:\/\/ocorreionews.com.br\/?p=26277"},"modified":"2016-04-28T08:10:03","modified_gmt":"2016-04-28T12:10:03","slug":"no-de-mortes-por-h1n1-sobe-para-5-em-ms-com-caso-de-bebe-e-homem","status":"publish","type":"post","link":"https:\/\/www.ocorreionews.com.br\/acervo-correio\/?p=26277","title":{"rendered":"N\u00ba de mortes por H1N1 sobe para 5 em MS com caso de beb\u00ea e homem"},"content":{"rendered":"<div id=\"materia-letra\" class=\"materia-conteudo entry-content clearfix\">\n<p>Um beb\u00ea de 11 meses e um homem de 51 anos morreram por <span class=\"premium-tip\">H1N1<\/span> no Hospital Universit\u00e1rio de Campo Grande nos dias 22 e 17 de abril, respectivamente, segundo o boletim epidemiol\u00f3gico divulgado nesta quarta-feira (27). Com esses dois casos, o n\u00famero de mortes pela doen\u00e7a chega a cinco em Mato Grosso do Sul.<\/p>\n<p>De acordo com a assessoria da Secretaria do Estado de Sa\u00fade (SES), o homem era obeso e hipertenso.<\/p>\n<div class=\"saibamais componente_materia\">O boletim ainda mostra que 22 casos de H1N1 foram confirmados em: Aparecida do Taboado (1), Campo Grande (7), Corumb\u00e1 (1), Dourados (5), Nova Andradina (1), Parana\u00edba (1), S\u00e3o Gabriel do Oeste (2), Sidrol\u00e2ndia (1) e Sonora (3). Ao todo foram notificados 190 casos suspeitos.<\/div>\n<p>No pr\u00f3ximo s\u00e1bado (30) ser\u00e1 realizado o dia D da campanha de vacina\u00e7\u00e3o contra influenza em todos os munic\u00edpios sul-mato-grossenses. O estado vai receber 720 mil doses da vacina, mas a meta \u00e9 imunizar 680 mil pessoas.<\/p>\n<p>A prioridade \u00e9 imunizar gestantes, idosos a partir dos 60 anos, crian\u00e7as de seis meses a 5 anos, mulheres com at\u00e9 45 dias ap\u00f3s o parto, trabalhadores em sa\u00fade, ind\u00edgenas, doentes cr\u00f4nicos e detentos.<\/p>\n<\/div>\n<p>&nbsp;<\/p>\n<p>&nbsp;<\/p>\n<p>G1 MS<\/p>\n","protected":false},"excerpt":{"rendered":"<p>Um beb\u00ea de 11 meses e um homem de 51 anos morreram por H1N1 no Hospital Universit\u00e1rio de Campo Grande nos dias 22 e 17 de abril, respectivamente, segundo o boletim epidemiol\u00f3gico divulgado nesta quarta-feira (27). Com esses dois casos, o n\u00famero de mortes pela doen\u00e7a chega a cinco em Mato Grosso do Sul. De [&hellip;]<\/p>\n","protected":false},"author":4,"featured_media":23958,"comment_status":"closed","ping_status":"closed","sticky":false,"template":"","format":"standard","meta":{"footnotes":""},"categories":[39],"tags":[],"class_list":["post-26277","post","type-post","status-publish","format-standard","has-post-thumbnail","hentry","category-saude"],"_links":{"self":[{"href":"https:\/\/www.ocorreionews.com.br\/acervo-correio\/index.php?rest_route=\/wp\/v2\/posts\/26277","targetHints":{"allow":["GET"]}}],"collection":[{"href":"https:\/\/www.ocorreionews.com.br\/acervo-correio\/index.php?rest_route=\/wp\/v2\/posts"}],"about":[{"href":"https:\/\/www.ocorreionews.com.br\/acervo-correio\/index.php?rest_route=\/wp\/v2\/types\/post"}],"author":[{"embeddable":true,"href":"https:\/\/www.ocorreionews.com.br\/acervo-correio\/index.php?rest_route=\/wp\/v2\/users\/4"}],"replies":[{"embeddable":true,"href":"https:\/\/www.ocorreionews.com.br\/acervo-correio\/index.php?rest_route=%2Fwp%2Fv2%2Fcomments&post=26277"}],"version-history":[{"count":0,"href":"https:\/\/www.ocorreionews.com.br\/acervo-correio\/index.php?rest_route=\/wp\/v2\/posts\/26277\/revisions"}],"wp:featuredmedia":[{"embeddable":true,"href":"https:\/\/www.ocorreionews.com.br\/acervo-correio\/index.php?rest_route=\/wp\/v2\/media\/23958"}],"wp:attachment":[{"href":"https:\/\/www.ocorreionews.com.br\/acervo-correio\/index.php?rest_route=%2Fwp%2Fv2%2Fmedia&parent=26277"}],"wp:term":[{"taxonomy":"category","embeddable":true,"href":"https:\/\/www.ocorreionews.com.br\/acervo-correio\/index.php?rest_route=%2Fwp%2Fv2%2Fcategories&post=26277"},{"taxonomy":"post_tag","embeddable":true,"href":"https:\/\/www.ocorreionews.com.br\/acervo-correio\/index.php?rest_route=%2Fwp%2Fv2%2Ftags&post=26277"}],"curies":[{"name":"wp","href":"https:\/\/api.w.org\/{rel}","templated":true}]}}