{"id":26282,"date":"2016-04-28T09:21:12","date_gmt":"2016-04-28T13:21:12","guid":{"rendered":"https:\/\/ocorreionews.com.br\/?p=26282"},"modified":"2016-04-28T09:21:12","modified_gmt":"2016-04-28T13:21:12","slug":"criancas-e-adolescentes-recepcionam-prefeito-waldeli-na-porta-do-paco-municipal-na-manha-desta-quarta-feira","status":"publish","type":"post","link":"https:\/\/www.ocorreionews.com.br\/acervo-correio\/?p=26282","title":{"rendered":"Crian\u00e7as e adolescentes recepcionam prefeito Waldeli na porta do Pa\u00e7o Municipal na manh\u00e3 desta quarta-feira"},"content":{"rendered":"<div class=\"marginBottom30px link-Internas\">\n<p>Na manh\u00e3 desta quarta-feira, 27 de abril de 2016, quatro crian\u00e7as e adolescentes compareceram ao Pa\u00e7o Municipal para conhecer e cumprimentar o prefeito Waldeli dos Santos Rosa.<\/p>\n<p>O prefeito recebeu Isabela Guimar\u00e3es Guedes de 12 anos estudante da Escola Estadual Santos Dumont, Ra\u00edssa Alencar Paes de 8 anos da Escola Municipal Joaquim Faustino Rosa, Giovana Maria Malaquias de Lima de 12 anos e Rayane Paulino Ben\u00edzio da Silva de 11 anos, ambas da Escola M. Professor Adenocre Alexandre de Moraes.<\/p>\n<p>Ao ser recepcionado pelas meninas, o prefeito conversou com elas, respondeu suas d\u00favidas e tirou fotos. Isabela Guimar\u00e3es contou que sua fam\u00edlia gosta muito do prefeito e por isso ela resolveu conhecer ele pessoalmente. \u201cTodos dizem que ele \u00e9 um homem bom. Realmente, ele \u00e9 bem simp\u00e1tico e divertido\u201d, contou a adolescente em entrevista a jornalista do Munic\u00edpio.<\/p>\n<p>J\u00e1 Rayane Paulino contou que resolveu acompanhar a amiga. Ela declarou que se sentiu muito contente por conhecer uma autoridade do Munic\u00edpio. Empolgada, a jovem afirmou ainda que ir\u00e1 contar a todos que conheceu e tirou foto com o prefeito Waldeli. Giovana a Ra\u00edssa ressaltaram que o prefeito \u00e9 querido e recebe bem todos que o visitam.<\/p>\n<p>\u201c\u00c9 muito gratificante para um gestor receber a visita dessas jovens, mais ainda por saber que todas est\u00e3o matriculadas em uma institui\u00e7\u00e3o de ensino. Sabemos que somente atrav\u00e9s da educa\u00e7\u00e3o \u00e9 que deslumbraremos um futuro melhor para todos e a Administra\u00e7\u00e3o Municipal tem este objetivo que \u00e9 priorizar a educa\u00e7\u00e3o e elevar ainda mais o ensino de Costa Rica que j\u00e1 \u00e9 de \u00f3tima qualidade\u201d, enfatizou o prefeito Waldeli.<\/p>\n<\/div>\n<div class=\"marginBottom30px link-Internas\">ASSECOM\/PMCR<\/div>\n","protected":false},"excerpt":{"rendered":"<p>Na manh\u00e3 desta quarta-feira, 27 de abril de 2016, quatro crian\u00e7as e adolescentes compareceram ao Pa\u00e7o Municipal para conhecer e cumprimentar o prefeito Waldeli dos Santos Rosa. O prefeito recebeu Isabela Guimar\u00e3es Guedes de 12 anos estudante da Escola Estadual Santos Dumont, Ra\u00edssa Alencar Paes de 8 anos da Escola Municipal Joaquim Faustino Rosa, Giovana [&hellip;]<\/p>\n","protected":false},"author":4,"featured_media":26283,"comment_status":"closed","ping_status":"closed","sticky":false,"template":"","format":"standard","meta":{"footnotes":""},"categories":[25],"tags":[],"class_list":["post-26282","post","type-post","status-publish","format-standard","has-post-thumbnail","hentry","category-costa-rica"],"_links":{"self":[{"href":"https:\/\/www.ocorreionews.com.br\/acervo-correio\/index.php?rest_route=\/wp\/v2\/posts\/26282","targetHints":{"allow":["GET"]}}],"collection":[{"href":"https:\/\/www.ocorreionews.com.br\/acervo-correio\/index.php?rest_route=\/wp\/v2\/posts"}],"about":[{"href":"https:\/\/www.ocorreionews.com.br\/acervo-correio\/index.php?rest_route=\/wp\/v2\/types\/post"}],"author":[{"embeddable":true,"href":"https:\/\/www.ocorreionews.com.br\/acervo-correio\/index.php?rest_route=\/wp\/v2\/users\/4"}],"replies":[{"embeddable":true,"href":"https:\/\/www.ocorreionews.com.br\/acervo-correio\/index.php?rest_route=%2Fwp%2Fv2%2Fcomments&post=26282"}],"version-history":[{"count":0,"href":"https:\/\/www.ocorreionews.com.br\/acervo-correio\/index.php?rest_route=\/wp\/v2\/posts\/26282\/revisions"}],"wp:featuredmedia":[{"embeddable":true,"href":"https:\/\/www.ocorreionews.com.br\/acervo-correio\/index.php?rest_route=\/wp\/v2\/media\/26283"}],"wp:attachment":[{"href":"https:\/\/www.ocorreionews.com.br\/acervo-correio\/index.php?rest_route=%2Fwp%2Fv2%2Fmedia&parent=26282"}],"wp:term":[{"taxonomy":"category","embeddable":true,"href":"https:\/\/www.ocorreionews.com.br\/acervo-correio\/index.php?rest_route=%2Fwp%2Fv2%2Fcategories&post=26282"},{"taxonomy":"post_tag","embeddable":true,"href":"https:\/\/www.ocorreionews.com.br\/acervo-correio\/index.php?rest_route=%2Fwp%2Fv2%2Ftags&post=26282"}],"curies":[{"name":"wp","href":"https:\/\/api.w.org\/{rel}","templated":true}]}}