{"id":26285,"date":"2016-04-28T10:16:45","date_gmt":"2016-04-28T14:16:45","guid":{"rendered":"https:\/\/ocorreionews.com.br\/?p=26285"},"modified":"2016-04-28T11:18:46","modified_gmt":"2016-04-28T15:18:46","slug":"policia-fraga-furto-e-venda-de-combustivel-no-povoado-da-vaca-parida","status":"publish","type":"post","link":"https:\/\/www.ocorreionews.com.br\/acervo-correio\/?p=26285","title":{"rendered":"Policia descobre furto e venda de combust\u00edvel no povoado da Vaca Parida"},"content":{"rendered":"<div class=\"box-texto-conteudo\">\n<p>Na tarde esta quarta-feira, 27 de abril, investigadores da Pol\u00edcia Civil de Cassil\u00e2ndia flagraram furto de combust\u00edvel em um caminh\u00e3o de transporte e os autores confessaram que vendem o produto clandestinamente.<\/p>\n<p>Os policiais de Cassil\u00e2ndia teriam recebido informa\u00e7\u00f5es do Delegado de Costa Rica, de que estava acontecendo o delito naquela localidade.<\/p>\n<p>Durante dilig\u00eancia, os investigadores de Cassil\u00e2ndia conseguiram flagrar o furto e os autores ainda desafiaram a pol\u00edcia, dizendo que nunca conseguir\u00e3o acabar com o \u201cesquema\u201d, que j\u00e1 s\u00e3o mais de 150 pontos de compra e venda de combust\u00edveis daquela forma.<\/p>\n<div class=\"banner-single\">Foi detido na opera\u00e7\u00e3o, o propriet\u00e1rio do restaurante do posto de combust\u00edvel desativado da Vaca Parida, A.R.Z., 54 anos, o seu funcion\u00e1rio, N. de M. R., 53 anos e o motorista de um caminh\u00e3o, que teria vendido o produto, N.R.F., 41 anos.<\/div>\n<p>O produto era armazenado nos fundos do restaurante, em gal\u00f5es de v\u00e1rios tamanhos, onde o caminh\u00e3o flagrado estava estacionado.<\/p>\n<\/div>\n<p>&nbsp;<\/p>\n<div class=\"box-texto-conteudo\">\n<p>&nbsp;<\/p>\n<p>&nbsp;<\/p>\n<p>&nbsp;<\/p>\n<p><em>Jovemsulnews &#8211; Imagem Ilustrativa<\/em><\/p>\n<\/div>\n","protected":false},"excerpt":{"rendered":"<p>Na tarde esta quarta-feira, 27 de abril, investigadores da Pol\u00edcia Civil de Cassil\u00e2ndia flagraram furto de combust\u00edvel em um caminh\u00e3o de transporte e os autores confessaram que vendem o produto clandestinamente. Os policiais de Cassil\u00e2ndia teriam recebido informa\u00e7\u00f5es do Delegado de Costa Rica, de que estava acontecendo o delito naquela localidade. Durante dilig\u00eancia, os investigadores [&hellip;]<\/p>\n","protected":false},"author":4,"featured_media":26286,"comment_status":"closed","ping_status":"closed","sticky":false,"template":"","format":"standard","meta":{"footnotes":""},"categories":[21,38],"tags":[],"class_list":["post-26285","post","type-post","status-publish","format-standard","has-post-thumbnail","hentry","category-cassilandia","category-policia"],"_links":{"self":[{"href":"https:\/\/www.ocorreionews.com.br\/acervo-correio\/index.php?rest_route=\/wp\/v2\/posts\/26285","targetHints":{"allow":["GET"]}}],"collection":[{"href":"https:\/\/www.ocorreionews.com.br\/acervo-correio\/index.php?rest_route=\/wp\/v2\/posts"}],"about":[{"href":"https:\/\/www.ocorreionews.com.br\/acervo-correio\/index.php?rest_route=\/wp\/v2\/types\/post"}],"author":[{"embeddable":true,"href":"https:\/\/www.ocorreionews.com.br\/acervo-correio\/index.php?rest_route=\/wp\/v2\/users\/4"}],"replies":[{"embeddable":true,"href":"https:\/\/www.ocorreionews.com.br\/acervo-correio\/index.php?rest_route=%2Fwp%2Fv2%2Fcomments&post=26285"}],"version-history":[{"count":0,"href":"https:\/\/www.ocorreionews.com.br\/acervo-correio\/index.php?rest_route=\/wp\/v2\/posts\/26285\/revisions"}],"wp:featuredmedia":[{"embeddable":true,"href":"https:\/\/www.ocorreionews.com.br\/acervo-correio\/index.php?rest_route=\/wp\/v2\/media\/26286"}],"wp:attachment":[{"href":"https:\/\/www.ocorreionews.com.br\/acervo-correio\/index.php?rest_route=%2Fwp%2Fv2%2Fmedia&parent=26285"}],"wp:term":[{"taxonomy":"category","embeddable":true,"href":"https:\/\/www.ocorreionews.com.br\/acervo-correio\/index.php?rest_route=%2Fwp%2Fv2%2Fcategories&post=26285"},{"taxonomy":"post_tag","embeddable":true,"href":"https:\/\/www.ocorreionews.com.br\/acervo-correio\/index.php?rest_route=%2Fwp%2Fv2%2Ftags&post=26285"}],"curies":[{"name":"wp","href":"https:\/\/api.w.org\/{rel}","templated":true}]}}