{"id":26290,"date":"2016-04-28T13:14:29","date_gmt":"2016-04-28T17:14:29","guid":{"rendered":"https:\/\/ocorreionews.com.br\/?p=26290"},"modified":"2016-04-28T13:14:29","modified_gmt":"2016-04-28T17:14:29","slug":"costa-rica-recebe-nos-dias-05-e-06-de-maio-a-semana-do-microempreendedor-individual","status":"publish","type":"post","link":"https:\/\/www.ocorreionews.com.br\/acervo-correio\/?p=26290","title":{"rendered":"Costa Rica recebe nos dias 05 e 06 de maio a Semana do Microempreendedor Individual"},"content":{"rendered":"<div class=\"marginBottom30px link-Internas\">\n<p>O Governo de Costa Rica \u2013 MS por meio da Secretaria Municipal de Agricultura e Desenvolvimento em parceria com o SEBRAE\/MS realiza nos dias 05 e 06 de maio de 2016 o Tira D\u00favidas para o MEI &#8211; Microempreendedor Individual.<\/p>\n<p>A a\u00e7\u00e3o faz parte da Semana do MEI, que tem por objetivo atender e capacitar microempreendedores individuais com um total de 150 atividades gratuitas espalhadas por todas as regi\u00f5es do Estado.<\/p>\n<p>O evento ser\u00e1 realizado na Sala do Empreendedor de Costa Rica localizada na Rua Josina Garcia de Melo, N\u00b0 239, Centro. O atendimento ser\u00e1 das 8h \u00e0s 12h e das 14h \u00e0s 18h. Para mais informa\u00e7\u00f5es no telefone (67) 3247 7081.<\/p>\n<p>Entre os servi\u00e7os que os especialistas do Sebrae ajudar\u00e3o a fazer est\u00e3o: Formaliza\u00e7\u00e3o; servi\u00e7os de baixa e altera\u00e7\u00e3o da empresa; atendimento; impress\u00e3o de boletos; orienta\u00e7\u00f5es t\u00e9cnicas com rela\u00e7\u00e3o ao preenchimento da Declara\u00e7\u00e3o Anual do MEI; al\u00e9m de regulariza\u00e7\u00e3o da situa\u00e7\u00e3o cadastral; orienta\u00e7\u00e3o sobre monitoramento da Receita Federal; e capacita\u00e7\u00f5es sobre compras, vendas, forma\u00e7\u00e3o de pre\u00e7o, controles financeiros e m\u00eddias sociais.<\/p>\n<p>Al\u00e9m disso, institui\u00e7\u00f5es parceiras orientam sobre alvar\u00e1 de funcionamento, licen\u00e7a sanit\u00e1ria, Nota Fiscal Eletr\u00f4nica; entre outros servi\u00e7os. As orienta\u00e7\u00f5es s\u00e3o totalmente gratuitas.<\/p>\n<p>Al\u00e9m de Costa Rica, participam da iniciativa as cidades de Alcin\u00f3polis, Amambai, Campo Grande, Chapad\u00e3o do Sul, Corumb\u00e1, Coxim, Figueir\u00e3o, Iguatemi, Itaquira\u00ed, Ivinhema, Jardim, Laguna Carap\u00e3, Maracaju, Mundo Novo, Navira\u00ed, Nova Andradina, Rio Brilhante, Rio Verde, S\u00e3o Gabriel, Sonora e Tr\u00eas Lagoas.<\/p>\n<\/div>\n<div class=\"marginBottom30px link-Internas\">ASSECOM\/PMCR<\/div>\n","protected":false},"excerpt":{"rendered":"<p>O Governo de Costa Rica \u2013 MS por meio da Secretaria Municipal de Agricultura e Desenvolvimento em parceria com o SEBRAE\/MS realiza nos dias 05 e 06 de maio de 2016 o Tira D\u00favidas para o MEI &#8211; Microempreendedor Individual. A a\u00e7\u00e3o faz parte da Semana do MEI, que tem por objetivo atender e capacitar [&hellip;]<\/p>\n","protected":false},"author":4,"featured_media":26292,"comment_status":"closed","ping_status":"closed","sticky":false,"template":"","format":"standard","meta":{"footnotes":""},"categories":[25],"tags":[],"class_list":["post-26290","post","type-post","status-publish","format-standard","has-post-thumbnail","hentry","category-costa-rica"],"_links":{"self":[{"href":"https:\/\/www.ocorreionews.com.br\/acervo-correio\/index.php?rest_route=\/wp\/v2\/posts\/26290","targetHints":{"allow":["GET"]}}],"collection":[{"href":"https:\/\/www.ocorreionews.com.br\/acervo-correio\/index.php?rest_route=\/wp\/v2\/posts"}],"about":[{"href":"https:\/\/www.ocorreionews.com.br\/acervo-correio\/index.php?rest_route=\/wp\/v2\/types\/post"}],"author":[{"embeddable":true,"href":"https:\/\/www.ocorreionews.com.br\/acervo-correio\/index.php?rest_route=\/wp\/v2\/users\/4"}],"replies":[{"embeddable":true,"href":"https:\/\/www.ocorreionews.com.br\/acervo-correio\/index.php?rest_route=%2Fwp%2Fv2%2Fcomments&post=26290"}],"version-history":[{"count":0,"href":"https:\/\/www.ocorreionews.com.br\/acervo-correio\/index.php?rest_route=\/wp\/v2\/posts\/26290\/revisions"}],"wp:featuredmedia":[{"embeddable":true,"href":"https:\/\/www.ocorreionews.com.br\/acervo-correio\/index.php?rest_route=\/wp\/v2\/media\/26292"}],"wp:attachment":[{"href":"https:\/\/www.ocorreionews.com.br\/acervo-correio\/index.php?rest_route=%2Fwp%2Fv2%2Fmedia&parent=26290"}],"wp:term":[{"taxonomy":"category","embeddable":true,"href":"https:\/\/www.ocorreionews.com.br\/acervo-correio\/index.php?rest_route=%2Fwp%2Fv2%2Fcategories&post=26290"},{"taxonomy":"post_tag","embeddable":true,"href":"https:\/\/www.ocorreionews.com.br\/acervo-correio\/index.php?rest_route=%2Fwp%2Fv2%2Ftags&post=26290"}],"curies":[{"name":"wp","href":"https:\/\/api.w.org\/{rel}","templated":true}]}}