{"id":26298,"date":"2016-04-28T13:54:52","date_gmt":"2016-04-28T17:54:52","guid":{"rendered":"https:\/\/ocorreionews.com.br\/?p=26298"},"modified":"2016-04-28T13:54:52","modified_gmt":"2016-04-28T17:54:52","slug":"sebrae-vem-a-chapadao-do-sul-com-palestra-e-atendimentos-gratuitos-para-toda-populacao","status":"publish","type":"post","link":"https:\/\/www.ocorreionews.com.br\/acervo-correio\/?p=26298","title":{"rendered":"Sebrae vem a Chapad\u00e3o do Sul com palestra e atendimentos gratuitos para toda popula\u00e7\u00e3o"},"content":{"rendered":"<p>A Secretaria de Desenvolvimento Econ\u00f4mico e Meio Ambiente \u2013 SEDEMA em parceria com o Sebrae\/Ms, e Associa\u00e7\u00e3o Comercial &#8211; ACIAC, realizam na pr\u00f3xima semana, de 02 a 06 de maio a Semana dos Empreendedores Individuais, evento realizado para atender e capacitar micro empreendedores individuais, potenciais empreendedores, potenciais empres\u00e1rios e colaboradores, com um total de 150 atividades gratuitas.<\/p>\n<p>Chapad\u00e3o do Sul, ter\u00e1 programa\u00e7\u00e3o nos dias 2,3 e 4 com palestra e atendimento gratuito a popula\u00e7\u00e3o. Confira abaixo as atividades que ser\u00e3o desenvolvidas:<\/p>\n<p><strong>PALESTRA SEI VENDER dia 02\/05<\/strong><\/p>\n<p>A palestra \u201cSEI VENDER\u201d traz na sua grade, quesitos que correspondem a como realizar uma boa venda e atender bem sua clientela, alguns deles s\u00e3o plano de a\u00e7\u00e3o de vendas, componentes de vendas e atendimento ao cliente.<\/p>\n<p>Traz como objetivo Conhecer como ampliar suas vendas utilizando os componentes de marketing: produto, ponto, pre\u00e7o, promo\u00e7\u00e3o e cliente. Predispor-se a realizar a\u00e7\u00f5es de marketing que contribuam para o aumento das vendas do seu neg\u00f3cio. Aplicar os componentes de marketing para melhorar o desempenho das vendas.<\/p>\n<p>O treinamento ser\u00e1 realizado na sala de treinamentos do terminal rodovi\u00e1rio municipal no dia 02 de Maio, das 19h00 \u00e1s 23h00 (MS), ser\u00e1 ministrado pelo consultor do SEBRAE\/MS, Frank Morais e ter\u00e1 carga hor\u00e1ria de 04 horas, o investimento \u00e9 gratuito, as vagas s\u00e3o limitadas e as inscri\u00e7\u00f5es est\u00e3o sendo feitas na SEDEMA.<\/p>\n<p><strong>ATENDIMENTO TET A TET 03 e 04\/05<\/strong><\/p>\n<p>O empres\u00e1rio ter\u00e1 a oportunidade de trocar id\u00e9ias com o consultor para diagnosticar seu neg\u00f3cio ou id\u00e9ia, para que o mesmo sugira solu\u00e7\u00f5es e as estruture. Os atendimentos individuais, ser\u00e3o realizados em hor\u00e1rio comercial, d\u00e1s 07 \u00e1s 11 e 13 \u00e1s 17, hor\u00e1rios de MS, tamb\u00e9m no terminal rodovi\u00e1rio, as vagas s\u00e3o limitadas e as inscri\u00e7\u00f5es est\u00e3o sendo feitas na SEDEMA.<\/p>\n<p>Maiores informa\u00e7\u00f5es podem ser obtidas na sala do empreendedor que se localiza na secretaria de desenvolvimento econ\u00f4mico, com endere\u00e7o na avenida quatro, n\u00b0 641, centro, pelo telefone 3562-1821 ou ainda no email: saladoempreendedor@chapadaodosul.ms.gov.br.<\/p>\n<p>&nbsp;<\/p>\n<p>&nbsp;<\/p>\n<p>&nbsp;<\/p>\n<p>Assessoria<\/p>\n","protected":false},"excerpt":{"rendered":"<p>A Secretaria de Desenvolvimento Econ\u00f4mico e Meio Ambiente \u2013 SEDEMA em parceria com o Sebrae\/Ms, e Associa\u00e7\u00e3o Comercial &#8211; ACIAC, realizam na pr\u00f3xima semana, de 02 a 06 de maio a Semana dos Empreendedores Individuais, evento realizado para atender e capacitar micro empreendedores individuais, potenciais empreendedores, potenciais empres\u00e1rios e colaboradores, com um total de 150 [&hellip;]<\/p>\n","protected":false},"author":4,"featured_media":26302,"comment_status":"closed","ping_status":"closed","sticky":false,"template":"","format":"standard","meta":{"footnotes":""},"categories":[23],"tags":[],"class_list":["post-26298","post","type-post","status-publish","format-standard","has-post-thumbnail","hentry","category-chapadao-do-sul"],"_links":{"self":[{"href":"https:\/\/www.ocorreionews.com.br\/acervo-correio\/index.php?rest_route=\/wp\/v2\/posts\/26298","targetHints":{"allow":["GET"]}}],"collection":[{"href":"https:\/\/www.ocorreionews.com.br\/acervo-correio\/index.php?rest_route=\/wp\/v2\/posts"}],"about":[{"href":"https:\/\/www.ocorreionews.com.br\/acervo-correio\/index.php?rest_route=\/wp\/v2\/types\/post"}],"author":[{"embeddable":true,"href":"https:\/\/www.ocorreionews.com.br\/acervo-correio\/index.php?rest_route=\/wp\/v2\/users\/4"}],"replies":[{"embeddable":true,"href":"https:\/\/www.ocorreionews.com.br\/acervo-correio\/index.php?rest_route=%2Fwp%2Fv2%2Fcomments&post=26298"}],"version-history":[{"count":0,"href":"https:\/\/www.ocorreionews.com.br\/acervo-correio\/index.php?rest_route=\/wp\/v2\/posts\/26298\/revisions"}],"wp:featuredmedia":[{"embeddable":true,"href":"https:\/\/www.ocorreionews.com.br\/acervo-correio\/index.php?rest_route=\/wp\/v2\/media\/26302"}],"wp:attachment":[{"href":"https:\/\/www.ocorreionews.com.br\/acervo-correio\/index.php?rest_route=%2Fwp%2Fv2%2Fmedia&parent=26298"}],"wp:term":[{"taxonomy":"category","embeddable":true,"href":"https:\/\/www.ocorreionews.com.br\/acervo-correio\/index.php?rest_route=%2Fwp%2Fv2%2Fcategories&post=26298"},{"taxonomy":"post_tag","embeddable":true,"href":"https:\/\/www.ocorreionews.com.br\/acervo-correio\/index.php?rest_route=%2Fwp%2Fv2%2Ftags&post=26298"}],"curies":[{"name":"wp","href":"https:\/\/api.w.org\/{rel}","templated":true}]}}