{"id":26303,"date":"2016-04-28T20:14:01","date_gmt":"2016-04-29T00:14:01","guid":{"rendered":"https:\/\/ocorreionews.com.br\/?p=26303"},"modified":"2016-04-28T20:15:18","modified_gmt":"2016-04-29T00:15:18","slug":"mundial-de-futsal-em-goias-tera-atletas-de-21-paises","status":"publish","type":"post","link":"https:\/\/www.ocorreionews.com.br\/acervo-correio\/?p=26303","title":{"rendered":"Mundial de Futsal em Goi\u00e1s ter\u00e1 atletas de 21 pa\u00edses"},"content":{"rendered":"<div id=\"stcpDiv\">\n<p>Goi\u00e1s sediar\u00e1 o 15\u00ba<em> Campeonato Mundial de Futsal Universit\u00e1rio<\/em> do dia 3 a 10 de julho pr\u00f3ximo. O lan\u00e7amento oficial do evento ocorreu na tarde desta quinta-feira, dia 28, no Audit\u00f3rio Mauro Borges, do Pal\u00e1cio Pedro Ludovico Teixeira, em Goi\u00e2nia. At\u00e9 agora, 26 sele\u00e7\u00f5es, sendo 16 masculinas e 10 femininas, de 21 pa\u00edses representadas por cerca de 400 atletas, comiss\u00f5es t\u00e9cnicas e dirigentes, j\u00e1 confirmaram participa\u00e7\u00e3o e esse n\u00famero pode aumentar porque as inscri\u00e7\u00f5es ainda est\u00e3o abertas.<\/p>\n<p>A competi\u00e7\u00e3o ser\u00e1 no Gin\u00e1sio Goi\u00e2nia Arena com capacidade para receber 15 mil pessoas. Em An\u00e1polis as partidas ser\u00e3o no Gin\u00e1sio Internacional Newton de Faria, com lota\u00e7\u00e3o para um p\u00fablico de 10 mil pessoas. A capital goiana foi selecionada em 2013, na B\u00e9lgica, ap\u00f3s uma disputa acirrada com Xangai, na China. Esta \u00e9 a quarta vez que o Brasil ser\u00e1 palco do torneio esportivo mundial, que j\u00e1 passou por S\u00e3o Paulo, Jo\u00e3o Pessoa e Vit\u00f3ria.<\/p>\n<p><a href=\"http:\/\/www.goiasagora.go.gov.br\/wp-content\/uploads\/2016\/04\/053.jpg\"><img loading=\"lazy\" decoding=\"async\" class=\"alignleft wp-image-327691\" src=\"http:\/\/www.goiasagora.go.gov.br\/wp-content\/uploads\/2016\/04\/053-300x200.jpg\" alt=\"05\" width=\"240\" height=\"160\" \/><\/a>Segundo Marconi Perillo, o Governo de Goi\u00e1s, por meio da Seduce, apoiou desde o primeiro momento a Confedera\u00e7\u00e3o Brasileira de Desporto Universit\u00e1rio (CBDU) para realizar uma organiza\u00e7\u00e3o primorosa. \u201cEles v\u00e3o contar com seguran\u00e7a refor\u00e7ada, acomoda\u00e7\u00e3o de primeiro mundo, transporte, acessibilidade e todo o carinho dos cidad\u00e3os goianos, especialmente goianienses.\u00a0Apesar dos problemas, o ano de 2016 ser\u00e1 o marco para o esporte no Brasil. No Rio, teremos as Olimp\u00edadas e em Goi\u00e1s teremos o <em>Campeonato Mundial de Futsal Universit\u00e1rio<\/em>. \u00c9 a nossa chance de mostrar ao mundo que o Brasil est\u00e1 de p\u00e9 apesar dos pesares\u201d,ressaltou.<\/p>\n<p>Marconi destacou tamb\u00e9m que, durante oito dias, Goi\u00e2nia estar\u00e1 no centro das aten\u00e7\u00f5es do mundo inteiro e receber\u00e1 centenas de pessoas de v\u00e1rias nacionalidades, o que ter\u00e1 reflexo positivo para a economia e o turismo. \u201cO<em> Campeonato Mundial de Futsal Universit\u00e1rio<\/em>\u00a0 vai aumentar a visibilidade internacional de Goi\u00e2nia, fortalecer nossa economia local, toda a estrutura do <em>trade<\/em> tur\u00edstico, gerar empregos diretos e indiretos, arrecadar impostos e impactar positivamente a nossa economia e o nosso turismo em Goi\u00e1s.<\/p>\n<p>Por reunir representantes de v\u00e1rios pa\u00edses, a secret\u00e1ria Raquel Teixeira destacou que o evento esportivo promove a diversidade e integra\u00e7\u00e3o entre v\u00e1rios povos e culturas. \u201cEsse evento reunir\u00e1 mais de 20 pa\u00edses promovendo uma integra\u00e7\u00e3o \u00edmpar entre jovens de todas as classes sociais e de diferentes culturas, um cen\u00e1rio em que as diferen\u00e7as e os preconceitos s\u00e3o colocados de lado e em que se cede lugar ao forte esp\u00edrito esportivo. Iniciativas como essa fortalecem a uni\u00e3o dos povos e consolidam o respeito \u00e0 diversidade. Queremos destacar tamb\u00e9m o poder transformador como resultado da uni\u00e3o entre esporte e educa\u00e7\u00e3o, dois importantes pilares da forma\u00e7\u00e3o humana\u201d, disse.<\/p>\n<p><a href=\"http:\/\/www.goiasagora.go.gov.br\/wp-content\/uploads\/2016\/04\/031.jpg\"><img loading=\"lazy\" decoding=\"async\" class=\"size-medium wp-image-327683 alignright\" src=\"http:\/\/www.goiasagora.go.gov.br\/wp-content\/uploads\/2016\/04\/031-300x225.jpg\" alt=\"03\" width=\"300\" height=\"225\" \/><\/a>Assim como o governador, Raquel garantiu que o Estado se prepara para oferecer a melhor estrutura poss\u00edvel aos atletas. \u201cNo ano em que o Brasil recebe as Olimp\u00edadas Rio 2016, um dos dois maiores eventos esportivos do planeta, o Estado de Goi\u00e1s sai na frente e atrai todas as aten\u00e7\u00f5es do mundo por sediar o <em>Mundial de Futsal Universit\u00e1rio.\u00a0<\/em>Estamos dispostos a fazer o que for preciso para marcar essa 15\u00aa edi\u00e7\u00e3o como uma das melhores e mais disputadas. Um recorde n\u00f3s j\u00e1 temos. \u00c9 o primeiro campeonato que ter\u00e1 representantes dos cinco continentes\u201d, comemora.<\/p>\n<p>&nbsp;<\/p>\n<p><strong>Mascote<\/strong><br \/>\nO mascote escolhido para representar o campeonato \u00e9 o lobo-guar\u00e1, animal nativo do Cerrado amea\u00e7ado de extin\u00e7\u00e3o. O governador e a secret\u00e1ria Raquel Teixeira lan\u00e7aram, durante a solenidade, um concurso virtual para escolher o nome do s\u00edmbolo dos jogos entre tr\u00eas op\u00e7\u00f5es: Goy\u00e1, Ol\u00e9 ou Guar\u00e1. A vota\u00e7\u00e3o pode ser feita no site oficial da competi\u00e7\u00e3o (www.wucfutsal2016.com).<\/p>\n<p><strong>Tricampe\u00e3 mundial<\/strong><br \/>\nA tricampe\u00e3 mundial de futsal e eleita a melhor jogadora do mundo pela Fifa, a cearense Amanda Lyssa, de 21 anos, prestigiou a solenidade, o que foi um motivo de honra e orgulho como fez quest\u00e3o de destacar a titular da Seduce, Raquel Teixeira. \u201c\u00c9 o meu primeiro mundial universit\u00e1rio dentro do Brasil. Se Deus quiser, eu posso ser convocada para participar. \u00c9 uma enorme felicidade ver a CBDU e o Estado de Goi\u00e1s \u00e0 frente do campeonato, querendo trazer as melhores coisas para n\u00f3s atletas n\u00e3o s\u00f3 no esporte, mas tamb\u00e9m incentivando a educa\u00e7\u00e3o\u201d, afirma.<\/p>\n<p>Goiasagora<\/p>\n<\/div>\n","protected":false},"excerpt":{"rendered":"<p>Goi\u00e1s sediar\u00e1 o 15\u00ba Campeonato Mundial de Futsal Universit\u00e1rio do dia 3 a 10 de julho pr\u00f3ximo. O lan\u00e7amento oficial do evento ocorreu na tarde desta quinta-feira, dia 28, no Audit\u00f3rio Mauro Borges, do Pal\u00e1cio Pedro Ludovico Teixeira, em Goi\u00e2nia. At\u00e9 agora, 26 sele\u00e7\u00f5es, sendo 16 masculinas e 10 femininas, de 21 pa\u00edses representadas por [&hellip;]<\/p>\n","protected":false},"author":4,"featured_media":26304,"comment_status":"closed","ping_status":"closed","sticky":false,"template":"","format":"standard","meta":{"footnotes":""},"categories":[29],"tags":[],"class_list":["post-26303","post","type-post","status-publish","format-standard","has-post-thumbnail","hentry","category-esporte"],"_links":{"self":[{"href":"https:\/\/www.ocorreionews.com.br\/acervo-correio\/index.php?rest_route=\/wp\/v2\/posts\/26303","targetHints":{"allow":["GET"]}}],"collection":[{"href":"https:\/\/www.ocorreionews.com.br\/acervo-correio\/index.php?rest_route=\/wp\/v2\/posts"}],"about":[{"href":"https:\/\/www.ocorreionews.com.br\/acervo-correio\/index.php?rest_route=\/wp\/v2\/types\/post"}],"author":[{"embeddable":true,"href":"https:\/\/www.ocorreionews.com.br\/acervo-correio\/index.php?rest_route=\/wp\/v2\/users\/4"}],"replies":[{"embeddable":true,"href":"https:\/\/www.ocorreionews.com.br\/acervo-correio\/index.php?rest_route=%2Fwp%2Fv2%2Fcomments&post=26303"}],"version-history":[{"count":0,"href":"https:\/\/www.ocorreionews.com.br\/acervo-correio\/index.php?rest_route=\/wp\/v2\/posts\/26303\/revisions"}],"wp:featuredmedia":[{"embeddable":true,"href":"https:\/\/www.ocorreionews.com.br\/acervo-correio\/index.php?rest_route=\/wp\/v2\/media\/26304"}],"wp:attachment":[{"href":"https:\/\/www.ocorreionews.com.br\/acervo-correio\/index.php?rest_route=%2Fwp%2Fv2%2Fmedia&parent=26303"}],"wp:term":[{"taxonomy":"category","embeddable":true,"href":"https:\/\/www.ocorreionews.com.br\/acervo-correio\/index.php?rest_route=%2Fwp%2Fv2%2Fcategories&post=26303"},{"taxonomy":"post_tag","embeddable":true,"href":"https:\/\/www.ocorreionews.com.br\/acervo-correio\/index.php?rest_route=%2Fwp%2Fv2%2Ftags&post=26303"}],"curies":[{"name":"wp","href":"https:\/\/api.w.org\/{rel}","templated":true}]}}