{"id":26321,"date":"2016-04-29T08:05:18","date_gmt":"2016-04-29T12:05:18","guid":{"rendered":"https:\/\/ocorreionews.com.br\/?p=26321"},"modified":"2016-04-29T08:05:18","modified_gmt":"2016-04-29T12:05:18","slug":"prefeitura-de-paraiso-convida-populacao-para-audiencia-publica-que-sera-realizada-no-proximo-dia-10-de-maio","status":"publish","type":"post","link":"https:\/\/www.ocorreionews.com.br\/acervo-correio\/?p=26321","title":{"rendered":"Prefeitura de Para\u00edso convida popula\u00e7\u00e3o para Audi\u00eancia P\u00fablica que ser\u00e1 realizada no pr\u00f3ximo dia 10 de maio"},"content":{"rendered":"<p>A Prefeitura Municipal de Para\u00edso das \u00c1guas em atendimento as determina\u00e7\u00f5es contidas no Par\u00e1grafo \u00danico, Artigo 48, da Lei Complementar n\u00ba 101, de 04 de maio de 2002 convida a popula\u00e7\u00e3o de Para\u00edso das \u00c1guas para a Audi\u00eancia Publica, onde ser\u00e3o apresentadas e discutidas a proposta de diretrizes or\u00e7ament\u00e1rias para o exerc\u00edcio de 2017.<\/p>\n<p>A Audi\u00eancia ser\u00e1 realizada no dia 10 de maio de 2016, \u00e1s 19 horas no Plen\u00e1rio da C\u00e2mara Municipal.<\/p>\n<p>Toda a popula\u00e7\u00e3o de Para\u00edso das \u00c1guas est\u00e1 convidada a participar do evento, demonstrando dessa forma uma atitude de civismo e amor ao munic\u00edpio.<\/p>\n<p>ASSECOM- Prefeitura Municipal de Para\u00edso das \u00c1guas- MS<\/p>\n<p>&nbsp;<\/p>\n<p>&nbsp;<\/p>\n<p>&nbsp;<\/p>\n<p>&nbsp;<\/p>\n<p>Texto: Daniela Loss\u00e1vero<\/p>\n","protected":false},"excerpt":{"rendered":"<p>A Prefeitura Municipal de Para\u00edso das \u00c1guas em atendimento as determina\u00e7\u00f5es contidas no Par\u00e1grafo \u00danico, Artigo 48, da Lei Complementar n\u00ba 101, de 04 de maio de 2002 convida a popula\u00e7\u00e3o de Para\u00edso das \u00c1guas para a Audi\u00eancia Publica, onde ser\u00e3o apresentadas e discutidas a proposta de diretrizes or\u00e7ament\u00e1rias para o exerc\u00edcio de 2017. A [&hellip;]<\/p>\n","protected":false},"author":4,"featured_media":13703,"comment_status":"closed","ping_status":"closed","sticky":false,"template":"","format":"standard","meta":{"footnotes":""},"categories":[36],"tags":[],"class_list":["post-26321","post","type-post","status-publish","format-standard","has-post-thumbnail","hentry","category-paraiso-das-aguas"],"_links":{"self":[{"href":"https:\/\/www.ocorreionews.com.br\/acervo-correio\/index.php?rest_route=\/wp\/v2\/posts\/26321","targetHints":{"allow":["GET"]}}],"collection":[{"href":"https:\/\/www.ocorreionews.com.br\/acervo-correio\/index.php?rest_route=\/wp\/v2\/posts"}],"about":[{"href":"https:\/\/www.ocorreionews.com.br\/acervo-correio\/index.php?rest_route=\/wp\/v2\/types\/post"}],"author":[{"embeddable":true,"href":"https:\/\/www.ocorreionews.com.br\/acervo-correio\/index.php?rest_route=\/wp\/v2\/users\/4"}],"replies":[{"embeddable":true,"href":"https:\/\/www.ocorreionews.com.br\/acervo-correio\/index.php?rest_route=%2Fwp%2Fv2%2Fcomments&post=26321"}],"version-history":[{"count":0,"href":"https:\/\/www.ocorreionews.com.br\/acervo-correio\/index.php?rest_route=\/wp\/v2\/posts\/26321\/revisions"}],"wp:featuredmedia":[{"embeddable":true,"href":"https:\/\/www.ocorreionews.com.br\/acervo-correio\/index.php?rest_route=\/wp\/v2\/media\/13703"}],"wp:attachment":[{"href":"https:\/\/www.ocorreionews.com.br\/acervo-correio\/index.php?rest_route=%2Fwp%2Fv2%2Fmedia&parent=26321"}],"wp:term":[{"taxonomy":"category","embeddable":true,"href":"https:\/\/www.ocorreionews.com.br\/acervo-correio\/index.php?rest_route=%2Fwp%2Fv2%2Fcategories&post=26321"},{"taxonomy":"post_tag","embeddable":true,"href":"https:\/\/www.ocorreionews.com.br\/acervo-correio\/index.php?rest_route=%2Fwp%2Fv2%2Ftags&post=26321"}],"curies":[{"name":"wp","href":"https:\/\/api.w.org\/{rel}","templated":true}]}}