{"id":26325,"date":"2016-04-29T08:08:28","date_gmt":"2016-04-29T12:08:28","guid":{"rendered":"https:\/\/ocorreionews.com.br\/?p=26325"},"modified":"2016-04-29T08:25:42","modified_gmt":"2016-04-29T12:25:42","slug":"prefeito-de-itaja-e-afastado-do-cargo-por-90-dias","status":"publish","type":"post","link":"https:\/\/www.ocorreionews.com.br\/acervo-correio\/?p=26325","title":{"rendered":"Prefeito de Itaj\u00e1 \u00e9 afastado do cargo por 90 dias"},"content":{"rendered":"<p>O prefeito municipal de Itaj\u00e1 Luciano Le\u00e3o foi afastado pelo MP. O afastamento ocorreu na tarde de ontem, pelo per\u00edodo de 90 dias. No despacho o MP afatou tamb\u00e9m o contador da prefeitura.<\/p>\n<p>Com o afastamento o Renis C\u00e9s<span class=\"textexposedshow\">ar, assumir\u00e1 o cargo em meio a turbul\u00eancia de den\u00fancias que afligem o munic\u00edpio.<\/span><\/p>\n<p><span class=\"textexposedshow\">Segundo informa\u00e7\u00f5es, o munic\u00edpio de Itaj\u00e1, que fica no sudoeste goiano, passa por um pior momento financeiro e administrativo de toda sua hist\u00f3ria. H\u00e1 in\u00fameras den\u00fancias junto ao MP.<\/span><\/p>\n<p><span class=\"textexposedshow\">O afastamento e cab\u00edvel de recurso. <\/span><\/p>\n","protected":false},"excerpt":{"rendered":"<p>O prefeito municipal de Itaj\u00e1 Luciano Le\u00e3o foi afastado pelo MP. O afastamento ocorreu na tarde de ontem, pelo per\u00edodo de 90 dias. No despacho o MP afatou tamb\u00e9m o contador da prefeitura. Com o afastamento o Renis C\u00e9sar, assumir\u00e1 o cargo em meio a turbul\u00eancia de den\u00fancias que afligem o munic\u00edpio. Segundo informa\u00e7\u00f5es, o [&hellip;]<\/p>\n","protected":false},"author":4,"featured_media":26326,"comment_status":"closed","ping_status":"closed","sticky":false,"template":"","format":"standard","meta":{"footnotes":""},"categories":[37],"tags":[],"class_list":["post-26325","post","type-post","status-publish","format-standard","has-post-thumbnail","hentry","category-politica"],"_links":{"self":[{"href":"https:\/\/www.ocorreionews.com.br\/acervo-correio\/index.php?rest_route=\/wp\/v2\/posts\/26325","targetHints":{"allow":["GET"]}}],"collection":[{"href":"https:\/\/www.ocorreionews.com.br\/acervo-correio\/index.php?rest_route=\/wp\/v2\/posts"}],"about":[{"href":"https:\/\/www.ocorreionews.com.br\/acervo-correio\/index.php?rest_route=\/wp\/v2\/types\/post"}],"author":[{"embeddable":true,"href":"https:\/\/www.ocorreionews.com.br\/acervo-correio\/index.php?rest_route=\/wp\/v2\/users\/4"}],"replies":[{"embeddable":true,"href":"https:\/\/www.ocorreionews.com.br\/acervo-correio\/index.php?rest_route=%2Fwp%2Fv2%2Fcomments&post=26325"}],"version-history":[{"count":0,"href":"https:\/\/www.ocorreionews.com.br\/acervo-correio\/index.php?rest_route=\/wp\/v2\/posts\/26325\/revisions"}],"wp:featuredmedia":[{"embeddable":true,"href":"https:\/\/www.ocorreionews.com.br\/acervo-correio\/index.php?rest_route=\/wp\/v2\/media\/26326"}],"wp:attachment":[{"href":"https:\/\/www.ocorreionews.com.br\/acervo-correio\/index.php?rest_route=%2Fwp%2Fv2%2Fmedia&parent=26325"}],"wp:term":[{"taxonomy":"category","embeddable":true,"href":"https:\/\/www.ocorreionews.com.br\/acervo-correio\/index.php?rest_route=%2Fwp%2Fv2%2Fcategories&post=26325"},{"taxonomy":"post_tag","embeddable":true,"href":"https:\/\/www.ocorreionews.com.br\/acervo-correio\/index.php?rest_route=%2Fwp%2Fv2%2Ftags&post=26325"}],"curies":[{"name":"wp","href":"https:\/\/api.w.org\/{rel}","templated":true}]}}