{"id":26328,"date":"2016-04-29T08:18:16","date_gmt":"2016-04-29T12:18:16","guid":{"rendered":"https:\/\/ocorreionews.com.br\/?p=26328"},"modified":"2016-04-29T08:18:16","modified_gmt":"2016-04-29T12:18:16","slug":"senado-aprova-tornar-obrigatorio-farol-baixo-ligado-de-dia-em-estrada","status":"publish","type":"post","link":"https:\/\/www.ocorreionews.com.br\/acervo-correio\/?p=26328","title":{"rendered":"Senado aprova tornar obrigat\u00f3rio farol baixo ligado de dia em estrada"},"content":{"rendered":"<blockquote>\n<h6>Multa para quem descumprir norma ser\u00e1 de R$ 85, com 4 pontos na CNH. Texto havia sido aprovado pela C\u00e2mara e segue para san\u00e7\u00e3o presidencial.<\/h6>\n<\/blockquote>\n<p>O Senado aprovou nesta quarta-feira (27) um projeto de lei que torna obrigat\u00f3rio o uso de farol baixo durante o dia em estradas. O projeto, que altera o C\u00f3digo de Tr\u00e2nsito Brasileiro, j\u00e1 havia sido aprovado pela C\u00e2mara dos Deputados e segue agora para a san\u00e7\u00e3o presidencial.<\/p>\n<div id=\"entenda_o_caso_328\" class=\"entenda-o-caso componente_materia\">\u00a0Pela proposta, o descumprimento da norma ser\u00e1 considerado infra\u00e7\u00e3o m\u00e9dia, com multa de R$ 85,13 e quatro pontos na carteira de habilita\u00e7\u00e3o. Atualmente, s\u00f3 \u00e9 exigido o uso de farol durante a noite e em t\u00faneis, independentemente do hor\u00e1rio do dia.<\/div>\n<p>No Senado, a proposta de autoria do deputado Rubens Bueno (PPS-PR), foi relatada por Jos\u00e9 Medeiros (PSD-MT). O parlamentar considerou que a imposi\u00e7\u00e3o da regra pode \u201caumentar\u201d a seguran\u00e7a nas estradas.<\/p>\n<p>\u201cTrata-se da imposi\u00e7\u00e3o de um procedimento bastante simples e de baixo custo que poder\u00e1 aumentar a seguran\u00e7a nas estradas e assim contribuir para a redu\u00e7\u00e3o da ocorr\u00eancia de acidentes frontais nas rodovias e, consequentemente, salvar in\u00fameras vidas\u201d, defendeu Medeiros.<\/p>\n<div class=\"materia-assinatura-letra\">\n<div class=\"materia-assinatura\">\n<p class=\"vcard author\"><strong class=\"fn\">Gustavo Garcia<\/strong><span class=\"adr\"><span class=\"locality\">Do G1, em Bras\u00edlia<\/span><\/span><\/p>\n<\/div>\n<\/div>\n","protected":false},"excerpt":{"rendered":"<p>Multa para quem descumprir norma ser\u00e1 de R$ 85, com 4 pontos na CNH. Texto havia sido aprovado pela C\u00e2mara e segue para san\u00e7\u00e3o presidencial. O Senado aprovou nesta quarta-feira (27) um projeto de lei que torna obrigat\u00f3rio o uso de farol baixo durante o dia em estradas. O projeto, que altera o C\u00f3digo de [&hellip;]<\/p>\n","protected":false},"author":4,"featured_media":26329,"comment_status":"closed","ping_status":"closed","sticky":false,"template":"","format":"standard","meta":{"footnotes":""},"categories":[29,31],"tags":[],"class_list":["post-26328","post","type-post","status-publish","format-standard","has-post-thumbnail","hentry","category-esporte","category-geral"],"_links":{"self":[{"href":"https:\/\/www.ocorreionews.com.br\/acervo-correio\/index.php?rest_route=\/wp\/v2\/posts\/26328","targetHints":{"allow":["GET"]}}],"collection":[{"href":"https:\/\/www.ocorreionews.com.br\/acervo-correio\/index.php?rest_route=\/wp\/v2\/posts"}],"about":[{"href":"https:\/\/www.ocorreionews.com.br\/acervo-correio\/index.php?rest_route=\/wp\/v2\/types\/post"}],"author":[{"embeddable":true,"href":"https:\/\/www.ocorreionews.com.br\/acervo-correio\/index.php?rest_route=\/wp\/v2\/users\/4"}],"replies":[{"embeddable":true,"href":"https:\/\/www.ocorreionews.com.br\/acervo-correio\/index.php?rest_route=%2Fwp%2Fv2%2Fcomments&post=26328"}],"version-history":[{"count":0,"href":"https:\/\/www.ocorreionews.com.br\/acervo-correio\/index.php?rest_route=\/wp\/v2\/posts\/26328\/revisions"}],"wp:featuredmedia":[{"embeddable":true,"href":"https:\/\/www.ocorreionews.com.br\/acervo-correio\/index.php?rest_route=\/wp\/v2\/media\/26329"}],"wp:attachment":[{"href":"https:\/\/www.ocorreionews.com.br\/acervo-correio\/index.php?rest_route=%2Fwp%2Fv2%2Fmedia&parent=26328"}],"wp:term":[{"taxonomy":"category","embeddable":true,"href":"https:\/\/www.ocorreionews.com.br\/acervo-correio\/index.php?rest_route=%2Fwp%2Fv2%2Fcategories&post=26328"},{"taxonomy":"post_tag","embeddable":true,"href":"https:\/\/www.ocorreionews.com.br\/acervo-correio\/index.php?rest_route=%2Fwp%2Fv2%2Ftags&post=26328"}],"curies":[{"name":"wp","href":"https:\/\/api.w.org\/{rel}","templated":true}]}}