{"id":26392,"date":"2016-04-30T06:55:18","date_gmt":"2016-04-30T10:55:18","guid":{"rendered":"https:\/\/ocorreionews.com.br\/?p=26392"},"modified":"2016-04-30T07:10:35","modified_gmt":"2016-04-30T11:10:35","slug":"durante-a-realizacao-da-6a-conferencia-municipal-das-cidades-tres-propostas-foram-escolhidas-para-representar-costa-rica-na-etapa-estadual","status":"publish","type":"post","link":"https:\/\/www.ocorreionews.com.br\/acervo-correio\/?p=26392","title":{"rendered":"Durante a realiza\u00e7\u00e3o da 6\u00aa Confer\u00eancia Municipal das Cidades tr\u00eas propostas foram escolhidas para representar Costa Rica na etapa Estadual"},"content":{"rendered":"<div class=\"marginBottom30px link-Internas\">\n<p style=\"text-align: justify;\">A Secretaria de Agricultura e Desenvolvimento de Costa Rica \u2013 MS realizou na tarde de quinta-feira, 28 de abril de 2016, a 6\u00aa Confer\u00eancia Municipal das Cidades que teve como tema &#8220;A Fun\u00e7\u00e3o Social da Cidade e da Propriedade&#8221; e o lema &#8220;Cidades Inclusivas, Participativas e Socialmente Justas&#8221;.<\/p>\n<p style=\"text-align: justify;\">O evento foi realizado no audit\u00f3rio da SEMED &#8211; Secretaria Municipal de Educa\u00e7\u00e3o \u2013 e ao in\u00edcio da programa\u00e7\u00e3o foi realizada a leitura do regulamento da reuni\u00e3o e aprovada por unanimidade de votos.<\/p>\n<p style=\"text-align: justify;\">O prefeito Waldeli dos Santos Rosa destacou a import\u00e2ncia da participa\u00e7\u00e3o popular na confer\u00eancia. \u201cEsta \u00e9 a grande oportunidade que a sociedade tem para debater as quest\u00f5es de interesse comum. \u00c9 preciso que cada um d\u00ea a sua contribui\u00e7\u00e3o, a fim de construirmos uma cidade verdadeiramente inclusiva, e que ofere\u00e7am bem-estar a todos os seus cidad\u00e3os\u201d observou, acrescentando que \u201cjuntos vamos poder apresentar propostas para a constru\u00e7\u00e3o da cidade dos sonhos da nossa gente\u201d, finalizou.<\/p>\n<p style=\"text-align: justify;\">Representando a coordenadora do Conselho Estadual de Cidades, a servidora T\u00e2nia Marques da SEHAB\/MS &#8211; Secretaria de Estado de Habita\u00e7\u00e3o de Mato Grosso do Sul explicou o que \u00e9 a confer\u00eancia e relatou os pontos importantes das edi\u00e7\u00f5es passadas. \u201cTudo o que \u00e9 debatido na Confer\u00eancia Municipal das Cidades pode se tornar Lei Municipal, Estadual ou Federal. Cada pessoa tem sua opini\u00e3o sobre a cidade e cada opini\u00e3o pode acrescentar muito para o Munic\u00edpio. Em Costa Rica a confer\u00eancia vai coincidir com a mudan\u00e7a do Plano Diretor\u201d.<\/p>\n<p style=\"text-align: justify;\">Os participantes da confer\u00eancia foram divididos em grupos tem\u00e1ticos de trabalho e debateram quatro eixos. Sendo eles: I- O Brasil urbano: A cidade que temos; II- A fun\u00e7\u00e3o social da cidade e da propriedade; III- O plano diretor e IV- A cidade que queremos. Cada equipe teve um facilitador que coordenou as discuss\u00f5es e ideias, al\u00e9m de elegerem um relator que registrou as propostas produzidas e apresentou-as aos demais membros dos grupos.<\/p>\n<p style=\"text-align: justify;\">Foram registradas 21 propostas, destas, tr\u00eas foram selecionadas para representar Costa Rica na 6\u00aa Confer\u00eancia Estadual das Cidades que est\u00e1 prevista para acontecer entre 1\u00ba de novembro de 2016 a 31 de mar\u00e7o de 2017, s\u00e3o elas: I- Fiscaliza\u00e7\u00e3o e implanta\u00e7\u00e3o das Pol\u00edticas P\u00fablicas estabelecidas no Plano Diretor; II- Campanha para fortalecer a participa\u00e7\u00e3o social; III- Implanta\u00e7\u00e3o de transporte coletivo e regulariza\u00e7\u00e3o do estacionamento para caminh\u00f5es nas vias urbanas do Munic\u00edpio.<\/p>\n<p style=\"text-align: justify;\">O secret\u00e1rio de Agricultura e Desenvolvimento Keyler Simey Garcia Barbosa enfatizou que a confer\u00eancia foi muito produtiva e de grande import\u00e2ncia para o Munic\u00edpio. \u201cVotamos propostas que ajudam n\u00e3o somente Costa Rica, mas sim todo o Estado e Pa\u00eds. A confer\u00eancia das cidades foi \u00e0 oportunidade que a sociedade civil tem para expressar em p\u00fablico as necessidades da cidade\u201d, complementou.<\/p>\n<p style=\"text-align: justify;\">Na reuni\u00e3o ainda foram escolhidos os cinco delegados que representar\u00e3o a cidade de Costa Rica nas demais confer\u00eancias. Segue abaixo os delegados e suplentes:<br \/>\nPoder Municipal \u2013 Delegado: Keyler Simey. Suplente: Ros\u00e2ngela Mar\u00e7al.<br \/>\nPoder Estadual\u2013 Delegada: Martha Carrijo. Suplente: Major Aldinei Peres.<br \/>\nPoder Federal\u2013 Delegado: Claudinei Montani. Suplente: Paulo Borges.<br \/>\nEntidade do Trabalhador\u2013 Delegado: Jos\u00e9 Edson. Suplente: Fab\u00edola Ramalho.<\/p>\n<p style=\"text-align: justify;\">Ap\u00f3s a confer\u00eancia estadual ser\u00e1 realizada a Confer\u00eancia Nacional, agendada para o ano de 2017, entre os 05 e 09 de junho.<\/p>\n<p style=\"text-align: justify;\">A vereadora Ros\u00e2ngela Mar\u00e7al Paes que no ato representou o Poder Legislativo cumprimentou a todos os presentes e desejou sucesso para a confer\u00eancia. Tamb\u00e9m estiveram presentes no evento os secret\u00e1rios Renato Barbosa de Melo (Transportes, Urbaniza\u00e7\u00e3o e Obras P\u00fablicas), Luana Oliveira da Silva (interina de Assist\u00eancia Social), Paulo Renato Andriani (Administra\u00e7\u00e3o e Finan\u00e7as \/ e interino de Turismo, Meio Ambiente, Esporte e Cultura), Adriana Maura Maset Tobal (Sa\u00fade), Dulcin\u00e9ia Rosa de Almeida (interina de Educa\u00e7\u00e3o) e Averaldo Amorim (subsecret\u00e1rio de Receita e Controle).<\/p>\n<p style=\"text-align: justify;\">Al\u00e9m dos coordenadores Gilson Viana Garcia (Casa do Trabalhador), Geandro de Almeida (Endemias), Daiane Pupin (Aten\u00e7\u00e3o B\u00e1sica), do presidente da ACIACRI \u2013 Associa\u00e7\u00e3o Comercial, Industrial e Agropastoril de Costa Rica Anderson Ferreira Dias e dos assessores municipais Ant\u00f4nio Divino F\u00e9lix Rodrigues \u201cTonin F\u00e9lix\u201d, Louren\u00e7o Filisbino e Ant\u00f4nio Rainho \u201cTonin da Sa\u00fade\u201d.<\/p>\n<\/div>\n<div class=\"marginBottom30px link-Internas\" style=\"text-align: justify;\">ASSECOM\/PMCR<\/div>\n","protected":false},"excerpt":{"rendered":"<p>A Secretaria de Agricultura e Desenvolvimento de Costa Rica \u2013 MS realizou na tarde de quinta-feira, 28 de abril de 2016, a 6\u00aa Confer\u00eancia Municipal das Cidades que teve como tema &#8220;A Fun\u00e7\u00e3o Social da Cidade e da Propriedade&#8221; e o lema &#8220;Cidades Inclusivas, Participativas e Socialmente Justas&#8221;. O evento foi realizado no audit\u00f3rio da [&hellip;]<\/p>\n","protected":false},"author":4,"featured_media":26393,"comment_status":"closed","ping_status":"closed","sticky":false,"template":"","format":"standard","meta":{"footnotes":""},"categories":[25],"tags":[],"class_list":["post-26392","post","type-post","status-publish","format-standard","has-post-thumbnail","hentry","category-costa-rica"],"_links":{"self":[{"href":"https:\/\/www.ocorreionews.com.br\/acervo-correio\/index.php?rest_route=\/wp\/v2\/posts\/26392","targetHints":{"allow":["GET"]}}],"collection":[{"href":"https:\/\/www.ocorreionews.com.br\/acervo-correio\/index.php?rest_route=\/wp\/v2\/posts"}],"about":[{"href":"https:\/\/www.ocorreionews.com.br\/acervo-correio\/index.php?rest_route=\/wp\/v2\/types\/post"}],"author":[{"embeddable":true,"href":"https:\/\/www.ocorreionews.com.br\/acervo-correio\/index.php?rest_route=\/wp\/v2\/users\/4"}],"replies":[{"embeddable":true,"href":"https:\/\/www.ocorreionews.com.br\/acervo-correio\/index.php?rest_route=%2Fwp%2Fv2%2Fcomments&post=26392"}],"version-history":[{"count":0,"href":"https:\/\/www.ocorreionews.com.br\/acervo-correio\/index.php?rest_route=\/wp\/v2\/posts\/26392\/revisions"}],"wp:featuredmedia":[{"embeddable":true,"href":"https:\/\/www.ocorreionews.com.br\/acervo-correio\/index.php?rest_route=\/wp\/v2\/media\/26393"}],"wp:attachment":[{"href":"https:\/\/www.ocorreionews.com.br\/acervo-correio\/index.php?rest_route=%2Fwp%2Fv2%2Fmedia&parent=26392"}],"wp:term":[{"taxonomy":"category","embeddable":true,"href":"https:\/\/www.ocorreionews.com.br\/acervo-correio\/index.php?rest_route=%2Fwp%2Fv2%2Fcategories&post=26392"},{"taxonomy":"post_tag","embeddable":true,"href":"https:\/\/www.ocorreionews.com.br\/acervo-correio\/index.php?rest_route=%2Fwp%2Fv2%2Ftags&post=26392"}],"curies":[{"name":"wp","href":"https:\/\/api.w.org\/{rel}","templated":true}]}}