{"id":2641,"date":"2015-06-01T08:36:06","date_gmt":"2015-06-01T12:36:06","guid":{"rendered":"https:\/\/ocorreionews.com.br\/?p=2641"},"modified":"2015-06-01T08:36:06","modified_gmt":"2015-06-01T12:36:06","slug":"camapua-carreta-tomba-na-ms-346-e-bombeiros-e-acionado-para-retirar-motorista-preso-as-ferragens","status":"publish","type":"post","link":"https:\/\/www.ocorreionews.com.br\/acervo-correio\/?p=2641","title":{"rendered":"Camapu\u00e3: Carreta tomba na MS-346 e Bombeiros \u00e9 acionado para retirar motorista preso \u00e0s ferragens"},"content":{"rendered":"<p>Na manh\u00e3 de s\u00e1bado (30) uma carreta carregada com caro\u00e7o de algod\u00e3o tombou no quil\u00f4metro da 17 da rodovia MS-346, entre Camapu\u00e3 e Figueir\u00e3o, o grave acidente mobilizou policiais militares, equipe do SAMU (Servi\u00e7o de Atendimento M\u00f3vel de Urg\u00eancia) e at\u00e9 uma equipe do Corpo de Bombeiros de Campo Grande foi acionada para retirara o motorista que ficou preso \u00e0s ferragens.<\/p>\n<p>A carreta Mercedes Benz, modelo Tractor 1938 capotou no local conhecido como curva do Barreiro, h\u00e1 aproximadamente 20 quil\u00f4metros de Camapu\u00e3.<\/p>\n<p>O motorista identificado at\u00e9 o momento apenas como Samuel, ap\u00f3s ficar v\u00e1rias horas preso dentro da cabine, foi removido consciente, ele queixava-se de dores nas pernas e costas e tamb\u00e9m com cortes na cabe\u00e7a. Samuel foi encaminhado pela equipe do SAMU at\u00e9 o Hospital de Camapu\u00e3.<\/p>\n<p><a href=\"https:\/\/ocorreionews.com.br\/wp-content\/uploads\/2015\/06\/t5.jpg\"><img loading=\"lazy\" decoding=\"async\" class=\"alignnone size-full wp-image-2644\" src=\"https:\/\/ocorreionews.com.br\/wp-content\/uploads\/2015\/06\/t5.jpg\" alt=\"t5\" width=\"800\" height=\"600\" srcset=\"https:\/\/www.ocorreionews.com.br\/acervo-correio\/wp-content\/uploads\/2015\/06\/t5.jpg 800w, https:\/\/www.ocorreionews.com.br\/acervo-correio\/wp-content\/uploads\/2015\/06\/t5-300x225.jpg 300w, https:\/\/www.ocorreionews.com.br\/acervo-correio\/wp-content\/uploads\/2015\/06\/t5-100x75.jpg 100w\" sizes=\"auto, (max-width: 800px) 100vw, 800px\" \/><\/a><\/p>\n<p><a href=\"https:\/\/ocorreionews.com.br\/wp-content\/uploads\/2015\/06\/t2.jpg\"><img loading=\"lazy\" decoding=\"async\" class=\"alignnone size-full wp-image-2643\" src=\"https:\/\/ocorreionews.com.br\/wp-content\/uploads\/2015\/06\/t2.jpg\" alt=\"t2\" width=\"800\" height=\"600\" srcset=\"https:\/\/www.ocorreionews.com.br\/acervo-correio\/wp-content\/uploads\/2015\/06\/t2.jpg 800w, https:\/\/www.ocorreionews.com.br\/acervo-correio\/wp-content\/uploads\/2015\/06\/t2-300x225.jpg 300w, https:\/\/www.ocorreionews.com.br\/acervo-correio\/wp-content\/uploads\/2015\/06\/t2-100x75.jpg 100w\" sizes=\"auto, (max-width: 800px) 100vw, 800px\" \/><\/a><\/p>\n<p>Fonte: Infoco MS<\/p>\n","protected":false},"excerpt":{"rendered":"<p>Na manh\u00e3 de s\u00e1bado (30) uma carreta carregada com caro\u00e7o de algod\u00e3o tombou no quil\u00f4metro da 17 da rodovia MS-346, entre Camapu\u00e3 e Figueir\u00e3o, o grave acidente mobilizou policiais militares, equipe do SAMU (Servi\u00e7o de Atendimento M\u00f3vel de Urg\u00eancia) e at\u00e9 uma equipe do Corpo de Bombeiros de Campo Grande foi acionada para retirara o [&hellip;]<\/p>\n","protected":false},"author":4,"featured_media":2642,"comment_status":"closed","ping_status":"closed","sticky":false,"template":"","format":"standard","meta":{"footnotes":""},"categories":[38],"tags":[],"class_list":["post-2641","post","type-post","status-publish","format-standard","has-post-thumbnail","hentry","category-policia"],"_links":{"self":[{"href":"https:\/\/www.ocorreionews.com.br\/acervo-correio\/index.php?rest_route=\/wp\/v2\/posts\/2641","targetHints":{"allow":["GET"]}}],"collection":[{"href":"https:\/\/www.ocorreionews.com.br\/acervo-correio\/index.php?rest_route=\/wp\/v2\/posts"}],"about":[{"href":"https:\/\/www.ocorreionews.com.br\/acervo-correio\/index.php?rest_route=\/wp\/v2\/types\/post"}],"author":[{"embeddable":true,"href":"https:\/\/www.ocorreionews.com.br\/acervo-correio\/index.php?rest_route=\/wp\/v2\/users\/4"}],"replies":[{"embeddable":true,"href":"https:\/\/www.ocorreionews.com.br\/acervo-correio\/index.php?rest_route=%2Fwp%2Fv2%2Fcomments&post=2641"}],"version-history":[{"count":0,"href":"https:\/\/www.ocorreionews.com.br\/acervo-correio\/index.php?rest_route=\/wp\/v2\/posts\/2641\/revisions"}],"wp:featuredmedia":[{"embeddable":true,"href":"https:\/\/www.ocorreionews.com.br\/acervo-correio\/index.php?rest_route=\/wp\/v2\/media\/2642"}],"wp:attachment":[{"href":"https:\/\/www.ocorreionews.com.br\/acervo-correio\/index.php?rest_route=%2Fwp%2Fv2%2Fmedia&parent=2641"}],"wp:term":[{"taxonomy":"category","embeddable":true,"href":"https:\/\/www.ocorreionews.com.br\/acervo-correio\/index.php?rest_route=%2Fwp%2Fv2%2Fcategories&post=2641"},{"taxonomy":"post_tag","embeddable":true,"href":"https:\/\/www.ocorreionews.com.br\/acervo-correio\/index.php?rest_route=%2Fwp%2Fv2%2Ftags&post=2641"}],"curies":[{"name":"wp","href":"https:\/\/api.w.org\/{rel}","templated":true}]}}