{"id":26444,"date":"2016-05-02T08:34:27","date_gmt":"2016-05-02T12:34:27","guid":{"rendered":"https:\/\/ocorreionews.com.br\/?p=26444"},"modified":"2016-05-02T08:34:27","modified_gmt":"2016-05-02T12:34:27","slug":"agencia-dos-correios-tera-novo-horario-de-funcionamento-em-paraiso-das-aguas","status":"publish","type":"post","link":"https:\/\/www.ocorreionews.com.br\/acervo-correio\/?p=26444","title":{"rendered":"Ag\u00eancia dos Correios ter\u00e1 novo hor\u00e1rio de funcionamento em Para\u00edso das \u00c1guas"},"content":{"rendered":"<p>A Prefeitura Municipal de Para\u00edso das \u00c1guas informa que a partir de amanh\u00e3, dia 02 de maio, a Ag\u00eancia dos Correios de Para\u00edso das \u00c1guas passar\u00e1 a funcionar das 8 \u00e0s 11 horas e das 13 \u00e0s 15horas, tendo ent\u00e3o um aumento de uma hora no tempo total em que os servi\u00e7os estar\u00e3o dispon\u00edveis \u00e0 popula\u00e7\u00e3o.<\/p>\n<p>Vale ressaltar que com esse novo hor\u00e1rio de atendimento, a Ag\u00eancia passar\u00e1 a atender nos dois per\u00edodos( matutino e vespertino)<\/p>\n<p>O novo hor\u00e1rio de funcionamento do \u00f3rg\u00e3o \u00a0\u00e9 uma resposta a solicita\u00e7\u00e3o do prefeito municipal de Para\u00edso das \u00c1guas, que, em reuni\u00e3o com o diretor regional dos Correios, Jo\u00e3o Rocha, \u00a0\u00a0expos ao mesmo, \u00a0as dificuldades e reclama\u00e7\u00f5es dos moradores do munic\u00edpio devido ao fato do \u00f3rg\u00e3o estar atendendo em hor\u00e1rio reduzido das 8 \u00e0s 12 horas ininterruptas.<\/p>\n<p>&nbsp;<\/p>\n<p>ASSECOM- Prefeitura Municipal de Para\u00edso das \u00c1guas- MS<\/p>\n","protected":false},"excerpt":{"rendered":"<p>A Prefeitura Municipal de Para\u00edso das \u00c1guas informa que a partir de amanh\u00e3, dia 02 de maio, a Ag\u00eancia dos Correios de Para\u00edso das \u00c1guas passar\u00e1 a funcionar das 8 \u00e0s 11 horas e das 13 \u00e0s 15horas, tendo ent\u00e3o um aumento de uma hora no tempo total em que os servi\u00e7os estar\u00e3o dispon\u00edveis \u00e0 [&hellip;]<\/p>\n","protected":false},"author":4,"featured_media":22798,"comment_status":"closed","ping_status":"closed","sticky":false,"template":"","format":"standard","meta":{"footnotes":""},"categories":[36],"tags":[],"class_list":["post-26444","post","type-post","status-publish","format-standard","has-post-thumbnail","hentry","category-paraiso-das-aguas"],"_links":{"self":[{"href":"https:\/\/www.ocorreionews.com.br\/acervo-correio\/index.php?rest_route=\/wp\/v2\/posts\/26444","targetHints":{"allow":["GET"]}}],"collection":[{"href":"https:\/\/www.ocorreionews.com.br\/acervo-correio\/index.php?rest_route=\/wp\/v2\/posts"}],"about":[{"href":"https:\/\/www.ocorreionews.com.br\/acervo-correio\/index.php?rest_route=\/wp\/v2\/types\/post"}],"author":[{"embeddable":true,"href":"https:\/\/www.ocorreionews.com.br\/acervo-correio\/index.php?rest_route=\/wp\/v2\/users\/4"}],"replies":[{"embeddable":true,"href":"https:\/\/www.ocorreionews.com.br\/acervo-correio\/index.php?rest_route=%2Fwp%2Fv2%2Fcomments&post=26444"}],"version-history":[{"count":0,"href":"https:\/\/www.ocorreionews.com.br\/acervo-correio\/index.php?rest_route=\/wp\/v2\/posts\/26444\/revisions"}],"wp:featuredmedia":[{"embeddable":true,"href":"https:\/\/www.ocorreionews.com.br\/acervo-correio\/index.php?rest_route=\/wp\/v2\/media\/22798"}],"wp:attachment":[{"href":"https:\/\/www.ocorreionews.com.br\/acervo-correio\/index.php?rest_route=%2Fwp%2Fv2%2Fmedia&parent=26444"}],"wp:term":[{"taxonomy":"category","embeddable":true,"href":"https:\/\/www.ocorreionews.com.br\/acervo-correio\/index.php?rest_route=%2Fwp%2Fv2%2Fcategories&post=26444"},{"taxonomy":"post_tag","embeddable":true,"href":"https:\/\/www.ocorreionews.com.br\/acervo-correio\/index.php?rest_route=%2Fwp%2Fv2%2Ftags&post=26444"}],"curies":[{"name":"wp","href":"https:\/\/api.w.org\/{rel}","templated":true}]}}