{"id":26452,"date":"2016-05-02T09:19:52","date_gmt":"2016-05-02T13:19:52","guid":{"rendered":"https:\/\/ocorreionews.com.br\/?p=26452"},"modified":"2016-05-02T09:19:52","modified_gmt":"2016-05-02T13:19:52","slug":"leilao-em-beneficio-do-hospital-do-cancer-de-barretos-arrecadou-mais-de-500-mil-em-costa-rica","status":"publish","type":"post","link":"https:\/\/www.ocorreionews.com.br\/acervo-correio\/?p=26452","title":{"rendered":"Leil\u00e3o em beneficio do Hospital do C\u00e2ncer de Barretos arrecadou mais de 500 mil em Costa Rica"},"content":{"rendered":"<div>O 14\u00ba Leil\u00e3o \u201cDireito de Viver\u201d realizado neste s\u00e1bado, (30) em Costa Rica\/MS em beneficio da Funda\u00e7\u00e3o Pio XII (Hospital do C\u00e2ncer de Barretos, S\u00e3o Paulo) foi um sucesso de acordo com a comiss\u00e3o organizadora. O Coordenador do evento, Antonio Pedr\u00e3o Soler informou ao site \u00a0que at\u00e9 o momento tinha sido\u00a0arrecado o valor de R$ 510 mil, \u201cesse valor ser\u00e1 repassado integralmente para o Hospital do C\u00e2ncer nos pr\u00f3ximos dias\u201d, afirmou o coordenador.<\/div>\n<div><\/div>\n<div>O objetivo do leil\u00e3o, que realizado todos os anos \u00e9 arrecadar fundos para ajudar na manuten\u00e7\u00e3o do hospital que atende no tratamento de pacientes com c\u00e2ncer. De acordo com o coordenador o fechamento geral dos valores deve acontecer na pr\u00f3xima semana, ele atribuiu \u00e0 crise financeira por que passa o pa\u00eds o fato de n\u00e3o ter superado o valor arrecadado no ano passado que foi de R$ 628.883.64.<\/div>\n<div><\/div>\n<div>O sucesso do evento foi gra\u00e7as a mobiliza\u00e7\u00e3o dos colaboradores, doadores e a popula\u00e7\u00e3o em geral, garantiu o coordenador. &#8220;Estou muito feliz, mobilizamos toda a sociedade para esse evento, todos contribu\u00edram\u201d. Foram mais de dez horas de trabalho.<\/div>\n<div><\/div>\n<div>V\u00e1rios pr\u00eamios arrecadados foram sorteados atrav\u00e9s de um bingo, entre eles um carro Fiat Palio, um televisor de 42 polegadas, uma m\u00e1quina de lavar roupas, assim como outros brindes.<\/div>\n<div><\/div>\n<div>O Fiat Palio tr\u00eas pessoas v\u00e3o dividir o pr\u00eamio; Jos\u00e9 Diniz da Silva, Mirian Alves e Edna Maria Jacinta dos Santos.<\/div>\n<div><\/div>\n<div>O televisor teve dois ganhadores; Amadeus Carpes de Campos e Ana Paula Marafon Souza.<\/div>\n<div><\/div>\n<div>J\u00e1 o terceiro pr\u00eamio foi \u00e0 m\u00e1quina de lavar roupas a ganhadora foi Benivalda Gomes.<\/div>\n<div><\/div>\n<div>O evento deste s\u00e1bado teve o registro de v\u00e1rios momentos emocionantes, o que mais chamou aten\u00e7\u00e3o foi o leil\u00e3o de prendas individuais onde a Empresa Saga Agr\u00edcola arrematou a imagem de Nossa Senhora de Aparecida pelo valor de R$ 6 mil.<\/div>\n<div><\/div>\n<div>O leil\u00e3o contou com a presen\u00e7a do Coordenador de Capta\u00e7\u00e3o de Recursos do Hospital de C\u00e2ncer no Mato Grosso do Sul, Hilberv\u00e2nio Calixto Barbosa. Ele \u00e9 leiloeiro, trabalhou no leil\u00e3o e estava acompanhado do tamb\u00e9m leiloeiro Marcos de Brito da cidade de Tr\u00eas Fonteiras\/MG.<\/div>\n<div><\/div>\n<div>Calixto agradeceu os colaboradores e doadores de prendas, \u201cDeus aben\u00e7oe ricamente todos voc\u00eas\u201d.<\/div>\n<div><\/div>\n<div>O hospital atende pacientes de Costa Rica que fazem tratamento contra o c\u00e2ncer.<\/div>\n<div><\/div>\n<div><\/div>\n<div><\/div>\n<div><\/div>\n<div><\/div>\n<div>Hora da Noticia<\/div>\n","protected":false},"excerpt":{"rendered":"<p>O 14\u00ba Leil\u00e3o \u201cDireito de Viver\u201d realizado neste s\u00e1bado, (30) em Costa Rica\/MS em beneficio da Funda\u00e7\u00e3o Pio XII (Hospital do C\u00e2ncer de Barretos, S\u00e3o Paulo) foi um sucesso de acordo com a comiss\u00e3o organizadora. O Coordenador do evento, Antonio Pedr\u00e3o Soler informou ao site \u00a0que at\u00e9 o momento tinha sido\u00a0arrecado o valor de R$ [&hellip;]<\/p>\n","protected":false},"author":4,"featured_media":26453,"comment_status":"closed","ping_status":"closed","sticky":false,"template":"","format":"standard","meta":{"footnotes":""},"categories":[25],"tags":[],"class_list":["post-26452","post","type-post","status-publish","format-standard","has-post-thumbnail","hentry","category-costa-rica"],"_links":{"self":[{"href":"https:\/\/www.ocorreionews.com.br\/acervo-correio\/index.php?rest_route=\/wp\/v2\/posts\/26452","targetHints":{"allow":["GET"]}}],"collection":[{"href":"https:\/\/www.ocorreionews.com.br\/acervo-correio\/index.php?rest_route=\/wp\/v2\/posts"}],"about":[{"href":"https:\/\/www.ocorreionews.com.br\/acervo-correio\/index.php?rest_route=\/wp\/v2\/types\/post"}],"author":[{"embeddable":true,"href":"https:\/\/www.ocorreionews.com.br\/acervo-correio\/index.php?rest_route=\/wp\/v2\/users\/4"}],"replies":[{"embeddable":true,"href":"https:\/\/www.ocorreionews.com.br\/acervo-correio\/index.php?rest_route=%2Fwp%2Fv2%2Fcomments&post=26452"}],"version-history":[{"count":0,"href":"https:\/\/www.ocorreionews.com.br\/acervo-correio\/index.php?rest_route=\/wp\/v2\/posts\/26452\/revisions"}],"wp:featuredmedia":[{"embeddable":true,"href":"https:\/\/www.ocorreionews.com.br\/acervo-correio\/index.php?rest_route=\/wp\/v2\/media\/26453"}],"wp:attachment":[{"href":"https:\/\/www.ocorreionews.com.br\/acervo-correio\/index.php?rest_route=%2Fwp%2Fv2%2Fmedia&parent=26452"}],"wp:term":[{"taxonomy":"category","embeddable":true,"href":"https:\/\/www.ocorreionews.com.br\/acervo-correio\/index.php?rest_route=%2Fwp%2Fv2%2Fcategories&post=26452"},{"taxonomy":"post_tag","embeddable":true,"href":"https:\/\/www.ocorreionews.com.br\/acervo-correio\/index.php?rest_route=%2Fwp%2Fv2%2Ftags&post=26452"}],"curies":[{"name":"wp","href":"https:\/\/api.w.org\/{rel}","templated":true}]}}