{"id":2646,"date":"2015-06-01T08:49:30","date_gmt":"2015-06-01T12:49:30","guid":{"rendered":"https:\/\/ocorreionews.com.br\/?p=2646"},"modified":"2015-06-01T08:49:30","modified_gmt":"2015-06-01T12:49:30","slug":"maio-amarelo-escola-erico-verissimo-promove-caminhada-por-conscientizacao-no-transito","status":"publish","type":"post","link":"https:\/\/www.ocorreionews.com.br\/acervo-correio\/?p=2646","title":{"rendered":"Maio Amarelo: Escola \u00c9rico Ver\u00edssimo promove caminhada por conscientiza\u00e7\u00e3o no tr\u00e2nsito"},"content":{"rendered":"<p style=\"text-align: justify;\">Ao longo deste m\u00eas, o Departamento Municipal de Tr\u00e2nsito promoveu v\u00e1rias a\u00e7\u00f5es no Movimento Maio Amarelo, e na sexta-feira, 29, alunos, professores, coordenadores e dire\u00e7\u00e3o da Escola Municipal \u00c9rico Ver\u00edssimo sa\u00edram \u00e0s ruas para pedir um tr\u00e2nsito mais seguro e humano.<\/p>\n<p style=\"text-align: justify;\">Com cartazes, placas de sinaliza\u00e7\u00e3o e muita disposi\u00e7\u00e3o, a comunidade escolar chamou a aten\u00e7\u00e3o de todos refor\u00e7ando a import\u00e2ncia da conscientiza\u00e7\u00e3o de todos para que nossa cidade tenha um tr\u00e2nsito cada dia melhor.<\/p>\n<p style=\"text-align: justify;\">\n<p style=\"text-align: justify;\">\n<p style=\"text-align: justify;\"><img loading=\"lazy\" decoding=\"async\" class=\"\" src=\"http:\/\/www.chapadaodosul.ms.gov.br\/admin\/arquivos\/images\/_DSC0013%281%29.JPG\" alt=\"\" width=\"600\" height=\"398\" \/>\u00a0 <img loading=\"lazy\" decoding=\"async\" class=\"\" src=\"http:\/\/www.chapadaodosul.ms.gov.br\/admin\/arquivos\/images\/_DSC0005.JPG\" alt=\"\" width=\"601\" height=\"399\" \/><\/p>\n<p style=\"text-align: justify;\"><u><em><strong><a href=\"http:\/\/www.chapadaodosul.ms.gov.br\/galeria\/caminhada-maio-amarelo-escola-arico-verassimo\/210\" target=\"_blank\">Mais fotos da caminhada<\/a><\/strong><\/em><\/u><\/p>\n<p style=\"text-align: justify;\">O m\u00eas de maio foi escolhido para lembrar a import\u00e2ncia da aten\u00e7\u00e3o ao volante. E a cor amarela completa a campanha. O objetivo do movimento \u201cMaio Amarelo \u2013 Aten\u00e7\u00e3o pela vida\u201d \u00e9 pedir prud\u00eancia \u00e0 popula\u00e7\u00e3o por causa dos altos \u00edndices de mortes e feridos no tr\u00e2nsito no Brasil e no mundo.<\/p>\n<p style=\"text-align: justify;\">A escolha da cor \u00e9 simples: o amarelo simboliza aten\u00e7\u00e3o, e faz men\u00e7\u00e3o \u00e0 sinaliza\u00e7\u00e3o de advert\u00eancia utilizada nas placas de tr\u00e2nsito. \u00c9 utilizado um la\u00e7o amarelo como s\u00edmbolo da a\u00e7\u00e3o para despertar a necessidade de tratar o tema como verdadeira epidemia e, consequentemente, incentivar motoristas e pedestres a adotar comportamento prudente e respons\u00e1vel.<\/p>\n<p style=\"text-align: justify;\">No tr\u00e2nsito, todos somos respons\u00e1veis e devemos preservar a vida.<\/p>\n<p style=\"text-align: justify;\">\n<p style=\"text-align: justify;\">Fonte: Assecom PMCS<\/p>\n","protected":false},"excerpt":{"rendered":"<p>Ao longo deste m\u00eas, o Departamento Municipal de Tr\u00e2nsito promoveu v\u00e1rias a\u00e7\u00f5es no Movimento Maio Amarelo, e na sexta-feira, 29, alunos, professores, coordenadores e dire\u00e7\u00e3o da Escola Municipal \u00c9rico Ver\u00edssimo sa\u00edram \u00e0s ruas para pedir um tr\u00e2nsito mais seguro e humano. Com cartazes, placas de sinaliza\u00e7\u00e3o e muita disposi\u00e7\u00e3o, a comunidade escolar chamou a aten\u00e7\u00e3o [&hellip;]<\/p>\n","protected":false},"author":4,"featured_media":2647,"comment_status":"closed","ping_status":"closed","sticky":false,"template":"","format":"standard","meta":{"footnotes":""},"categories":[23],"tags":[],"class_list":["post-2646","post","type-post","status-publish","format-standard","has-post-thumbnail","hentry","category-chapadao-do-sul"],"_links":{"self":[{"href":"https:\/\/www.ocorreionews.com.br\/acervo-correio\/index.php?rest_route=\/wp\/v2\/posts\/2646","targetHints":{"allow":["GET"]}}],"collection":[{"href":"https:\/\/www.ocorreionews.com.br\/acervo-correio\/index.php?rest_route=\/wp\/v2\/posts"}],"about":[{"href":"https:\/\/www.ocorreionews.com.br\/acervo-correio\/index.php?rest_route=\/wp\/v2\/types\/post"}],"author":[{"embeddable":true,"href":"https:\/\/www.ocorreionews.com.br\/acervo-correio\/index.php?rest_route=\/wp\/v2\/users\/4"}],"replies":[{"embeddable":true,"href":"https:\/\/www.ocorreionews.com.br\/acervo-correio\/index.php?rest_route=%2Fwp%2Fv2%2Fcomments&post=2646"}],"version-history":[{"count":0,"href":"https:\/\/www.ocorreionews.com.br\/acervo-correio\/index.php?rest_route=\/wp\/v2\/posts\/2646\/revisions"}],"wp:featuredmedia":[{"embeddable":true,"href":"https:\/\/www.ocorreionews.com.br\/acervo-correio\/index.php?rest_route=\/wp\/v2\/media\/2647"}],"wp:attachment":[{"href":"https:\/\/www.ocorreionews.com.br\/acervo-correio\/index.php?rest_route=%2Fwp%2Fv2%2Fmedia&parent=2646"}],"wp:term":[{"taxonomy":"category","embeddable":true,"href":"https:\/\/www.ocorreionews.com.br\/acervo-correio\/index.php?rest_route=%2Fwp%2Fv2%2Fcategories&post=2646"},{"taxonomy":"post_tag","embeddable":true,"href":"https:\/\/www.ocorreionews.com.br\/acervo-correio\/index.php?rest_route=%2Fwp%2Fv2%2Ftags&post=2646"}],"curies":[{"name":"wp","href":"https:\/\/api.w.org\/{rel}","templated":true}]}}