{"id":2656,"date":"2015-06-01T10:42:24","date_gmt":"2015-06-01T14:42:24","guid":{"rendered":"https:\/\/ocorreionews.com.br\/?p=2656"},"modified":"2015-06-01T10:55:12","modified_gmt":"2015-06-01T14:55:12","slug":"festa-do-esporte-de-mato-grosso-do-sul-na-abertura-do-jems-futsal-2015-em-chapadao-do-sul","status":"publish","type":"post","link":"https:\/\/www.ocorreionews.com.br\/acervo-correio\/?p=2656","title":{"rendered":"\u201cFesta\u201d do esporte de Mato Grosso do Sul na abertura do JEMS futsal 2015 em Chapad\u00e3o do Sul"},"content":{"rendered":"<p style=\"text-align: justify;\">Jogadores, t\u00e9cnicos, torcedores e autoridades vivenciaram uma grande \u201cfesta\u201d do esporte de Mato Grosso do Sul na noite deste domingo, 31, na solenidade de abertura da edi\u00e7\u00e3o 2015 dos Jogos Escolares de Mato Grosso do Sul (JEMS), modalidade futsal, 12 a 14 anos.<\/p>\n<p style=\"text-align: justify;\"><img loading=\"lazy\" decoding=\"async\" class=\" alignleft\" src=\"http:\/\/www.chapadaodosul.ms.gov.br\/admin\/arquivos\/images\/_DSC0209.JPG\" alt=\"\" width=\"389\" height=\"258\" \/>Pelo segundo ano consecutivo o munic\u00edpio sedia os Jogos Escolares, evento promovido pela Fundesporte, com a parceria da Secretaria de Cultura e Esportes. Participam da disputa, 29 equipes no masculino e 14 no feminino, totalizando mais de 600 jogadores e jogadoras.<\/p>\n<p style=\"text-align: justify;\">Os confrontos come\u00e7aram no s\u00e1bado, 30 e prosseguem at\u00e9 o dia 06. Os jogos ser\u00e3o transmitidos pela TV Educativa, canal 4 da TV aberta e canal 15 da NET.<\/p>\n<p style=\"text-align: justify;\">A solenidade de abertura oficial aconteceu no Gin\u00e1sio Municipal de Esportes com apresenta\u00e7\u00f5es culturais, entrada das delega\u00e7\u00f5es e acendimento da Pira. Autoridades estiveram presente.<\/p>\n<p style=\"text-align: justify;\">Al\u00e9m do Gin\u00e1sio de Esportes, as partidas s\u00e3o disputadas nas quadras da Escola Cec\u00edlia Meireles e da APAE. A entrada \u00e9 franca.<\/p>\n<p style=\"text-align: justify;\">Fonte e Fotos: Assecom PMCS<\/p>\n<p style=\"text-align: justify;\"><strong><a href=\"https:\/\/ocorreionews.com.br\/2015\/06\/01\/abertura-jems-futsal-2015\/\">Veja a Galeria de Fotos AQUI<\/a><\/strong><\/p>\n<p>&nbsp;<\/p>\n","protected":false},"excerpt":{"rendered":"<p>Jogadores, t\u00e9cnicos, torcedores e autoridades vivenciaram uma grande \u201cfesta\u201d do esporte de Mato Grosso do Sul na noite deste domingo, 31, na solenidade de abertura da edi\u00e7\u00e3o 2015 dos Jogos Escolares de Mato Grosso do Sul (JEMS), modalidade futsal, 12 a 14 anos. Pelo segundo ano consecutivo o munic\u00edpio sedia os Jogos Escolares, evento promovido [&hellip;]<\/p>\n","protected":false},"author":4,"featured_media":2658,"comment_status":"closed","ping_status":"closed","sticky":false,"template":"","format":"standard","meta":{"footnotes":""},"categories":[23],"tags":[],"class_list":["post-2656","post","type-post","status-publish","format-standard","has-post-thumbnail","hentry","category-chapadao-do-sul"],"_links":{"self":[{"href":"https:\/\/www.ocorreionews.com.br\/acervo-correio\/index.php?rest_route=\/wp\/v2\/posts\/2656","targetHints":{"allow":["GET"]}}],"collection":[{"href":"https:\/\/www.ocorreionews.com.br\/acervo-correio\/index.php?rest_route=\/wp\/v2\/posts"}],"about":[{"href":"https:\/\/www.ocorreionews.com.br\/acervo-correio\/index.php?rest_route=\/wp\/v2\/types\/post"}],"author":[{"embeddable":true,"href":"https:\/\/www.ocorreionews.com.br\/acervo-correio\/index.php?rest_route=\/wp\/v2\/users\/4"}],"replies":[{"embeddable":true,"href":"https:\/\/www.ocorreionews.com.br\/acervo-correio\/index.php?rest_route=%2Fwp%2Fv2%2Fcomments&post=2656"}],"version-history":[{"count":0,"href":"https:\/\/www.ocorreionews.com.br\/acervo-correio\/index.php?rest_route=\/wp\/v2\/posts\/2656\/revisions"}],"wp:featuredmedia":[{"embeddable":true,"href":"https:\/\/www.ocorreionews.com.br\/acervo-correio\/index.php?rest_route=\/wp\/v2\/media\/2658"}],"wp:attachment":[{"href":"https:\/\/www.ocorreionews.com.br\/acervo-correio\/index.php?rest_route=%2Fwp%2Fv2%2Fmedia&parent=2656"}],"wp:term":[{"taxonomy":"category","embeddable":true,"href":"https:\/\/www.ocorreionews.com.br\/acervo-correio\/index.php?rest_route=%2Fwp%2Fv2%2Fcategories&post=2656"},{"taxonomy":"post_tag","embeddable":true,"href":"https:\/\/www.ocorreionews.com.br\/acervo-correio\/index.php?rest_route=%2Fwp%2Fv2%2Ftags&post=2656"}],"curies":[{"name":"wp","href":"https:\/\/api.w.org\/{rel}","templated":true}]}}