{"id":26617,"date":"2016-05-04T07:02:29","date_gmt":"2016-05-04T11:02:29","guid":{"rendered":"https:\/\/ocorreionews.com.br\/?p=26617"},"modified":"2016-05-04T07:02:29","modified_gmt":"2016-05-04T11:02:29","slug":"coluna-do-percival-tirar-whatsapp-do-ar-e-queimar-pneus-na-estrada-tudo-a-ver","status":"publish","type":"post","link":"https:\/\/www.ocorreionews.com.br\/acervo-correio\/?p=26617","title":{"rendered":"Coluna do Percival: Tirar WhatsApp do ar e queimar pneus na estrada. Tudo a ver."},"content":{"rendered":"<p style=\"text-align: justify;\">Todas as organiza\u00e7\u00f5es extremistas s\u00e3o, por natureza, totalit\u00e1rias. Convencidas de estarem fazendo a coisa certa em vista da causa e de seus fins, reagem violentamente quando contrariadas. Sabem que nessas a\u00e7\u00f5es e rea\u00e7\u00f5es acabam prejudicando pessoas que nada tem a ver com o caso, mas isso pouco importa. \u00c9 preciso quebrar as vitrines para chamar aten\u00e7\u00e3o, derrubar a cerca para haver reforma agr\u00e1ria, pichar parede alheia para ser visto.<\/p>\n<p style=\"text-align: justify;\">\u00a0\u00a0\u00a0\u00a0\u00a0\u00a0\u00a0\u00a0 As mobiliza\u00e7\u00f5es contra o impeachment da presidente Dilma t\u00eam proporcionado abundantes exemplos disso. Foram antecedidas por reiteradas advert\u00eancias do &#8220;general&#8221; Jo\u00e3o Pedro (quebra-quebra) St\u00e9dile sobre os raios e trov\u00f5es que faria desabar no pa\u00eds caso prosperasse o processo contra a mandat\u00e1ria credora de sua admira\u00e7\u00e3o e afeto. N\u00e3o deixou por menos o senhor Aristides Santos, secret\u00e1rio da Contag, em com\u00edcio realizado no Pal\u00e1cio do Planalto, quando prometeu \u00e0 presidente da Rep\u00fablica que sua turma iria invadir gabinetes e moradias dos deputados favor\u00e1veis ao impeachment. Ambos amea\u00e7avam a na\u00e7\u00e3o com pr\u00e1ticas prepotentes e imoderadas, de desrespeito \u00e0 lei e \u00e0 ordem. O direito alheio n\u00e3o \u00e9 nem pode ser empecilho aos objetivos perseguidos pelos portadores de tais enfermidades pol\u00edticas. Seu querer revolucion\u00e1rio n\u00e3o admite obst\u00e1culos. As revolu\u00e7\u00f5es fazem as pr\u00f3prias leis. Por bem ou por mal. Pergunto: n\u00e3o prometeu o senhor Mauro Iasi a seus advers\u00e1rios, repetindo Brecht, sob delirantes aplausos do audit\u00f3rio do CSP Conlutas, um bom pared\u00e3o, uma boa bala e uma boa cova? Pois \u00e9.<\/p>\n<p style=\"text-align: justify;\">\u00a0\u00a0\u00a0\u00a0\u00a0\u00a0\u00a0\u00a0 Foi por isso que h\u00e1 bem poucos dias, em diferentes pontos do pa\u00eds, uns poucos gatos pingados queimaram pneus nas estradas bloqueando por longas horas o transporte rodovi\u00e1rio. Com mais pneus ardendo do que manifestantes para segurar a press\u00e3o, atrapalharam a vida de multid\u00f5es paralisadas no meio do caminho, sem \u00e1gua nem alimento, causando inestim\u00e1veis preju\u00edzos. &#8220;Sim, \u00e9 isso mesmo, e da\u00ed?&#8221;, responderiam os admiradores da presidente se indagados sobre as consequ\u00eancias do que faziam.<\/p>\n<p style=\"text-align: justify;\">\u00a0\u00a0\u00a0\u00a0\u00a0\u00a0\u00a0\u00a0 &#8220;Sim, \u00e9 isso mesmo, e da\u00ed?&#8221;, talvez seja a resposta do juiz Marcel Montalv\u00e3o, de Lagarto (SE), se inquirido sobre os efeitos de sua ordem na vida de milh\u00f5es de pessoas. O magistrado, como se sabe, mandou as operadoras TIM, Claro, Oi, Vivo e Nextel bloquearem o aplicativo Whatsapp por 72 horas como puni\u00e7\u00e3o por descumprimento de alguma determina\u00e7\u00e3o que dera. Ent\u00e3o, fica assim: do elenco de san\u00e7\u00f5es poss\u00edveis, Sua Excel\u00eancia escolheu essa. Queimou pneus na estrada cibern\u00e9tica, atrapalhando em todo o pa\u00eds, abrangente e indistintamente, comunica\u00e7\u00f5es pessoais, sociais e neg\u00f3cios. A caneta da autoridade, por dentro da lei, pode afetar direito alheio tanto quanto a a\u00e7\u00e3o de extremistas por fora da lei.<\/p>\n<p style=\"text-align: justify;\">\n<p style=\"text-align: justify;\">________________________________<br \/>\n<em>* Percival Puggina (71), membro da Academia Rio-Grandense de Letras, \u00e9 arquiteto, empres\u00e1rio e escritor e titular do site www.puggina.org, colunista de Zero Hora e de dezenas de jornais e sites no pa\u00eds. Autor de Cr\u00f4nicas contra o totalitarismo; Cuba, a trag\u00e9dia da utopia; Pombas e Gavi\u00f5es; A tomada do Brasil. integrante do grupo Pensar+.<\/em><\/p>\n","protected":false},"excerpt":{"rendered":"<p>Todas as organiza\u00e7\u00f5es extremistas s\u00e3o, por natureza, totalit\u00e1rias. Convencidas de estarem fazendo a coisa certa em vista da causa e de seus fins, reagem violentamente quando contrariadas. Sabem que nessas a\u00e7\u00f5es e rea\u00e7\u00f5es acabam prejudicando pessoas que nada tem a ver com o caso, mas isso pouco importa. \u00c9 preciso quebrar as vitrines para chamar [&hellip;]<\/p>\n","protected":false},"author":4,"featured_media":25337,"comment_status":"closed","ping_status":"closed","sticky":false,"template":"","format":"standard","meta":{"footnotes":""},"categories":[37],"tags":[],"class_list":["post-26617","post","type-post","status-publish","format-standard","has-post-thumbnail","hentry","category-politica"],"_links":{"self":[{"href":"https:\/\/www.ocorreionews.com.br\/acervo-correio\/index.php?rest_route=\/wp\/v2\/posts\/26617","targetHints":{"allow":["GET"]}}],"collection":[{"href":"https:\/\/www.ocorreionews.com.br\/acervo-correio\/index.php?rest_route=\/wp\/v2\/posts"}],"about":[{"href":"https:\/\/www.ocorreionews.com.br\/acervo-correio\/index.php?rest_route=\/wp\/v2\/types\/post"}],"author":[{"embeddable":true,"href":"https:\/\/www.ocorreionews.com.br\/acervo-correio\/index.php?rest_route=\/wp\/v2\/users\/4"}],"replies":[{"embeddable":true,"href":"https:\/\/www.ocorreionews.com.br\/acervo-correio\/index.php?rest_route=%2Fwp%2Fv2%2Fcomments&post=26617"}],"version-history":[{"count":0,"href":"https:\/\/www.ocorreionews.com.br\/acervo-correio\/index.php?rest_route=\/wp\/v2\/posts\/26617\/revisions"}],"wp:featuredmedia":[{"embeddable":true,"href":"https:\/\/www.ocorreionews.com.br\/acervo-correio\/index.php?rest_route=\/wp\/v2\/media\/25337"}],"wp:attachment":[{"href":"https:\/\/www.ocorreionews.com.br\/acervo-correio\/index.php?rest_route=%2Fwp%2Fv2%2Fmedia&parent=26617"}],"wp:term":[{"taxonomy":"category","embeddable":true,"href":"https:\/\/www.ocorreionews.com.br\/acervo-correio\/index.php?rest_route=%2Fwp%2Fv2%2Fcategories&post=26617"},{"taxonomy":"post_tag","embeddable":true,"href":"https:\/\/www.ocorreionews.com.br\/acervo-correio\/index.php?rest_route=%2Fwp%2Fv2%2Ftags&post=26617"}],"curies":[{"name":"wp","href":"https:\/\/api.w.org\/{rel}","templated":true}]}}