{"id":26619,"date":"2016-05-04T07:23:05","date_gmt":"2016-05-04T11:23:05","guid":{"rendered":"https:\/\/ocorreionews.com.br\/?p=26619"},"modified":"2016-05-04T07:23:05","modified_gmt":"2016-05-04T11:23:05","slug":"vem-ai-2o-chapacrew-de-skate-de-chapadao","status":"publish","type":"post","link":"https:\/\/www.ocorreionews.com.br\/acervo-correio\/?p=26619","title":{"rendered":"Vem a\u00ed 2\u00ba Chapacrew de Skate de Chapad\u00e3o"},"content":{"rendered":"<p style=\"text-align: justify;\">Acontece no pr\u00f3ximo dia 29 em Chapad\u00e3o do Sul, a realiza\u00e7\u00e3o do 2\u00ba Chapacrew de Skate, promovido pela Chapacrew e Kairos.<\/p>\n<p style=\"text-align: justify;\">O evento ser\u00e1 realizado na Escola Estadual Jorge Amado, a partir das 07hs00, com a presen\u00e7a de Skatista de v\u00e1rios munic\u00edpios.<\/p>\n<p style=\"text-align: justify;\">A competi\u00e7\u00e3o ser\u00e1 realizada nas categorias Mirim, Iniciante e Amador.<\/p>\n<p style=\"text-align: justify;\">Maiores Informa\u00e7\u00f5es Kair\u00f3s,\u00a0 na Rua 15 ao lado da Spacialle sorvetes<\/p>\n","protected":false},"excerpt":{"rendered":"<p>Acontece no pr\u00f3ximo dia 29 em Chapad\u00e3o do Sul, a realiza\u00e7\u00e3o do 2\u00ba Chapacrew de Skate, promovido pela Chapacrew e Kairos. O evento ser\u00e1 realizado na Escola Estadual Jorge Amado, a partir das 07hs00, com a presen\u00e7a de Skatista de v\u00e1rios munic\u00edpios. A competi\u00e7\u00e3o ser\u00e1 realizada nas categorias Mirim, Iniciante e Amador. Maiores Informa\u00e7\u00f5es Kair\u00f3s,\u00a0 [&hellip;]<\/p>\n","protected":false},"author":4,"featured_media":26620,"comment_status":"closed","ping_status":"closed","sticky":false,"template":"","format":"standard","meta":{"footnotes":""},"categories":[23,29],"tags":[],"class_list":["post-26619","post","type-post","status-publish","format-standard","has-post-thumbnail","hentry","category-chapadao-do-sul","category-esporte"],"_links":{"self":[{"href":"https:\/\/www.ocorreionews.com.br\/acervo-correio\/index.php?rest_route=\/wp\/v2\/posts\/26619","targetHints":{"allow":["GET"]}}],"collection":[{"href":"https:\/\/www.ocorreionews.com.br\/acervo-correio\/index.php?rest_route=\/wp\/v2\/posts"}],"about":[{"href":"https:\/\/www.ocorreionews.com.br\/acervo-correio\/index.php?rest_route=\/wp\/v2\/types\/post"}],"author":[{"embeddable":true,"href":"https:\/\/www.ocorreionews.com.br\/acervo-correio\/index.php?rest_route=\/wp\/v2\/users\/4"}],"replies":[{"embeddable":true,"href":"https:\/\/www.ocorreionews.com.br\/acervo-correio\/index.php?rest_route=%2Fwp%2Fv2%2Fcomments&post=26619"}],"version-history":[{"count":0,"href":"https:\/\/www.ocorreionews.com.br\/acervo-correio\/index.php?rest_route=\/wp\/v2\/posts\/26619\/revisions"}],"wp:featuredmedia":[{"embeddable":true,"href":"https:\/\/www.ocorreionews.com.br\/acervo-correio\/index.php?rest_route=\/wp\/v2\/media\/26620"}],"wp:attachment":[{"href":"https:\/\/www.ocorreionews.com.br\/acervo-correio\/index.php?rest_route=%2Fwp%2Fv2%2Fmedia&parent=26619"}],"wp:term":[{"taxonomy":"category","embeddable":true,"href":"https:\/\/www.ocorreionews.com.br\/acervo-correio\/index.php?rest_route=%2Fwp%2Fv2%2Fcategories&post=26619"},{"taxonomy":"post_tag","embeddable":true,"href":"https:\/\/www.ocorreionews.com.br\/acervo-correio\/index.php?rest_route=%2Fwp%2Fv2%2Ftags&post=26619"}],"curies":[{"name":"wp","href":"https:\/\/api.w.org\/{rel}","templated":true}]}}