{"id":26630,"date":"2016-05-04T07:58:14","date_gmt":"2016-05-04T11:58:14","guid":{"rendered":"https:\/\/ocorreionews.com.br\/?p=26630"},"modified":"2016-05-04T08:14:32","modified_gmt":"2016-05-04T12:14:32","slug":"embriagado-condutor-de-hilux-provoca-acidente-com-tres-vitimas-em-estado-grave-na-br-060","status":"publish","type":"post","link":"https:\/\/www.ocorreionews.com.br\/acervo-correio\/?p=26630","title":{"rendered":"Embriagado, condutor de Hilux provoca acidente com tr\u00eas v\u00edtimas em estado grave na BR 060"},"content":{"rendered":"<p>Tr\u00eas pessoas ficaram gravemente feridas depois de acidente, no in\u00edcio da noite de hoje (03), na BR-060, a 15 km da sa\u00edda de Sidrol\u00e2ndia, em Campo Grande.<\/p>\n<p>Caminhonete Hilux, conduzida por agricultor de 49 anos que n\u00e3o quis se identificar, seguia sentido Sidrol\u00e2ndia para a Capital quando invadiu a pista contr\u00e1ria, colidiu com um Corsa e capotou. No carro de passeio estavam as tr\u00eas v\u00edtimas em estado grave, sendo um homem e duas\u00a0mulheres.<\/p>\n<p>Ao <strong>Portal Correio do Estado<\/strong>, o homem que conduzia a caminhonete informou que perdeu o controle da dire\u00e7\u00e3o, pois tentou frear para n\u00e3o colidir em fila de carros que reduziram a velocidade por conta de dejetos de vaca que estavam na pista. A Hilux encostou em um Sandero antes de invadir pista contr\u00e1ria. O motorista afirma que n\u00e3o estava velocidade superior \u00e0 permitida na via.<\/p>\n<p>O condutor da caminhonete fez o teste do baf\u00f4metro, que apontou 0,38 mg de \u00e1lcool por litro de sangue, atestando embriaguez. Ele sofreu ferimentos e foi atendido pelos bombeiros.<\/p>\n<p>Os ocupantes do Corsa sofreram politraumatismo e o estado deles \u00e9 considerado grave, sendo o mais delicado o da mulher, que ocupava o banco traseiro do ve\u00edculo. Os tr\u00eas foram encaminhados para a Santa Casa. A identifica\u00e7\u00e3o das v\u00edtimas n\u00e3o foi divulgada pelos bombeiros.<\/p>\n<p>&nbsp;<\/p>\n<figure id=\"attachment_26632\" aria-describedby=\"caption-attachment-26632\" style=\"width: 900px\" class=\"wp-caption alignnone\"><a href=\"https:\/\/ocorreionews.com.br\/wp-content\/uploads\/2016\/05\/acidente-br-060-hilux2.jpg\"><img loading=\"lazy\" decoding=\"async\" class=\"wp-image-26632 size-full\" src=\"https:\/\/ocorreionews.com.br\/wp-content\/uploads\/2016\/05\/acidente-br-060-hilux2.jpg\" alt=\"acidente-br-060-hilux2\" width=\"900\" height=\"627\" srcset=\"https:\/\/www.ocorreionews.com.br\/acervo-correio\/wp-content\/uploads\/2016\/05\/acidente-br-060-hilux2.jpg 900w, https:\/\/www.ocorreionews.com.br\/acervo-correio\/wp-content\/uploads\/2016\/05\/acidente-br-060-hilux2-300x209.jpg 300w, https:\/\/www.ocorreionews.com.br\/acervo-correio\/wp-content\/uploads\/2016\/05\/acidente-br-060-hilux2-768x535.jpg 768w\" sizes=\"auto, (max-width: 900px) 100vw, 900px\" \/><\/a><figcaption id=\"caption-attachment-26632\" class=\"wp-caption-text\">Tr\u00eas pessoas ficaram gravemente feridas em acidente &#8211; Foto: Gerson Oliveira \/ Correio do Estado<\/figcaption><\/figure>\n<p>&nbsp;<\/p>\n<p>Correio do Estado<\/p>\n","protected":false},"excerpt":{"rendered":"<p>Tr\u00eas pessoas ficaram gravemente feridas depois de acidente, no in\u00edcio da noite de hoje (03), na BR-060, a 15 km da sa\u00edda de Sidrol\u00e2ndia, em Campo Grande. Caminhonete Hilux, conduzida por agricultor de 49 anos que n\u00e3o quis se identificar, seguia sentido Sidrol\u00e2ndia para a Capital quando invadiu a pista contr\u00e1ria, colidiu com um Corsa [&hellip;]<\/p>\n","protected":false},"author":4,"featured_media":26631,"comment_status":"closed","ping_status":"closed","sticky":false,"template":"","format":"standard","meta":{"footnotes":""},"categories":[38],"tags":[],"class_list":["post-26630","post","type-post","status-publish","format-standard","has-post-thumbnail","hentry","category-policia"],"_links":{"self":[{"href":"https:\/\/www.ocorreionews.com.br\/acervo-correio\/index.php?rest_route=\/wp\/v2\/posts\/26630","targetHints":{"allow":["GET"]}}],"collection":[{"href":"https:\/\/www.ocorreionews.com.br\/acervo-correio\/index.php?rest_route=\/wp\/v2\/posts"}],"about":[{"href":"https:\/\/www.ocorreionews.com.br\/acervo-correio\/index.php?rest_route=\/wp\/v2\/types\/post"}],"author":[{"embeddable":true,"href":"https:\/\/www.ocorreionews.com.br\/acervo-correio\/index.php?rest_route=\/wp\/v2\/users\/4"}],"replies":[{"embeddable":true,"href":"https:\/\/www.ocorreionews.com.br\/acervo-correio\/index.php?rest_route=%2Fwp%2Fv2%2Fcomments&post=26630"}],"version-history":[{"count":0,"href":"https:\/\/www.ocorreionews.com.br\/acervo-correio\/index.php?rest_route=\/wp\/v2\/posts\/26630\/revisions"}],"wp:featuredmedia":[{"embeddable":true,"href":"https:\/\/www.ocorreionews.com.br\/acervo-correio\/index.php?rest_route=\/wp\/v2\/media\/26631"}],"wp:attachment":[{"href":"https:\/\/www.ocorreionews.com.br\/acervo-correio\/index.php?rest_route=%2Fwp%2Fv2%2Fmedia&parent=26630"}],"wp:term":[{"taxonomy":"category","embeddable":true,"href":"https:\/\/www.ocorreionews.com.br\/acervo-correio\/index.php?rest_route=%2Fwp%2Fv2%2Fcategories&post=26630"},{"taxonomy":"post_tag","embeddable":true,"href":"https:\/\/www.ocorreionews.com.br\/acervo-correio\/index.php?rest_route=%2Fwp%2Fv2%2Ftags&post=26630"}],"curies":[{"name":"wp","href":"https:\/\/api.w.org\/{rel}","templated":true}]}}