{"id":26682,"date":"2016-05-05T07:30:24","date_gmt":"2016-05-05T11:30:24","guid":{"rendered":"https:\/\/ocorreionews.com.br\/?p=26682"},"modified":"2016-05-05T07:30:24","modified_gmt":"2016-05-05T11:30:24","slug":"teori-afasta-eduardo-cunha-do-mandato-na-camara","status":"publish","type":"post","link":"https:\/\/www.ocorreionews.com.br\/acervo-correio\/?p=26682","title":{"rendered":"Teori afasta Eduardo Cunha do mandato na C\u00e2mara"},"content":{"rendered":"<p>O ministro do Supremo Tribunal Federal (STF) Teori Zavascki, relator da Opera\u00e7\u00e3o Lava Jato determinou o afastamento do presidente da C\u00e2mara, Eduardo Cunha (PMDB-RJ), do mandato de deputado federal e, consequentemente, da presid\u00eancia da Casa. A decis\u00e3o de Teori \u00e9 liminar (provis\u00f3ria).<\/p>\n<p>Um oficial de Justi\u00e7a foi \u00e0 resid\u00eancia oficial do presidente da C\u00e2mara logo no in\u00edcio da manh\u00e3 para entregar a notifica\u00e7\u00e3o para Cunha.<\/p>\n<p>O ministro Teori concedeu a liminar em a\u00e7\u00e3o pedida pelo procurador-geral da <span class=\"premium-tip\">Rep\u00fablica<\/span>, Rodrigo Janot, que argumentou que Cunha estava atrapalhando as investiga\u00e7\u00f5es da Lava Jato, na qual o deputado \u00e9 r\u00e9u em uma a\u00e7\u00e3o e investigado em v\u00e1rios procedimentos.<\/p>\n<p>Segundo o ministro, a medida visa neutralizar os riscos apontados por Janot no pedido de afastamento de Cunha. Quem assume a presid\u00eancia da C\u00e2mara agora \u00e9 o deputado Waldir Maranh\u00e3o (PP-MA), vice-presidente da Casa e aliado de Cunha.<\/p>\n<p>Procurado pelo <strong>G1<\/strong>, Eduardo Cunha ainda n\u00e3o havia se manifestado at\u00e9 a \u00faltima atualiza\u00e7\u00e3o desta reportagem. A assessoria de imprensa da Presid\u00eancia da C\u00e2mara informou que n\u00e3o tinha tido conhecimento da liminar.<\/p>\n<p>Ao pedir o afastamento de Cunha, em dezembro, o procurador-geral apontou &#8221; motivos para afirmar que o deputado usou o cargo para &#8220;destruir provas, pressionar testemunhas, intimidar v\u00edtimas ou obstruir as investiga\u00e7\u00f5es de qualquer modo&#8221;.<\/p>\n<p>Veja quais foram os pontos listados por Janot para afastamento de Cunha:<\/p>\n<p>1- Eduardo Cunha fez uso de requerimentos para pressionar pagamento de propina do empres\u00e1rio J\u00falio Camargo e o grupo Mitsui. J\u00e1 havia casos de requerimento para pressionar dirigentes de empresas de petr\u00f3leo<\/p>\n<p>2 &#8211; Eduardo Cunha estava por tr\u00e1s de requerimentos e convoca\u00e7\u00f5es feitas a fim de pressionar donos do grupo Schahin com apoio do doleiro L\u00facio Funaro. Depoimentos de Salim Schahin confirmam isso. L\u00facio Funaro pagou parte de carros em nome da empresa C3 Produ\u00e7\u00f5es Art\u00edsticas, que pertence \u00e0 fam\u00edlia de Cunha<\/p>\n<p>3 &#8211; Eduardo Cunha atuou para convocar a advogada Beatriz Catta Preta na CPI da Petrobras para \u201cintimidar quem ousou contrariar seus interesses\u201d<\/p>\n<p>4 &#8211; Eduardo Cunha atuou para contrata\u00e7\u00e3o da empresa de espionagem Kroll pela CPI da Petrobras, \u201cempresa de investiga\u00e7\u00e3o financeira com atua\u00e7\u00e3o controvertida no Brasil&#8221;<\/p>\n<p>5 &#8211; Eduardo Cunha usou a CPI para convoca\u00e7\u00e3o de parentes de Alberto Youssef, como forma de press\u00e3o<\/p>\n<p>6 &#8211; Eduardo Cunha abusou do poder com a finalidade de mudar a lei impedir que um delator corrija o depoimento<\/p>\n<p>7 &#8211; Eduardo CUnha mostrou que retalia quem o contraria com a demiss\u00e3o do diretor de inform\u00e1tica da C\u00e2mara, Luiz Eira<\/p>\n<p>8 &#8211; Eduardo Cunha usou cargo de deputado para receber vantagens indevidas para aprovar parte de medida provis\u00f3ria de interesse do banco BTG<\/p>\n<p>9 &#8211; Eduardo Cunha fez &#8220;manobras esp\u00farias&#8221; para evitar investiga\u00e7\u00e3o na C\u00e2mara com obstru\u00e7\u00e3o da pauta com intuito de se beneficiar<\/p>\n<p>10 &#8211; Eduardo Cunha fez amea\u00e7as ao deputado Fausto Pinato (PRB-SP), ex-relator do processo de cassa\u00e7\u00e3o no Conselho de \u00c9tica da C\u00e2mara<\/p>\n<p>11 &#8211; Eduardo Cunha teria voltado a reiterar amea\u00e7as a Fausto Pinato<\/p>\n<div class=\"materia-assinatura-letra\">\n<div class=\"materia-assinatura\">\n<p class=\"vcard author\"><strong class=\"fn\">Mariana Oliveira<\/strong><span class=\"adr\"><span class=\"locality\">Da TV Globo<\/span><\/span><\/p>\n<\/div>\n<\/div>\n","protected":false},"excerpt":{"rendered":"<p>O ministro do Supremo Tribunal Federal (STF) Teori Zavascki, relator da Opera\u00e7\u00e3o Lava Jato determinou o afastamento do presidente da C\u00e2mara, Eduardo Cunha (PMDB-RJ), do mandato de deputado federal e, consequentemente, da presid\u00eancia da Casa. A decis\u00e3o de Teori \u00e9 liminar (provis\u00f3ria). Um oficial de Justi\u00e7a foi \u00e0 resid\u00eancia oficial do presidente da C\u00e2mara logo [&hellip;]<\/p>\n","protected":false},"author":4,"featured_media":26683,"comment_status":"closed","ping_status":"closed","sticky":false,"template":"","format":"standard","meta":{"footnotes":""},"categories":[37],"tags":[],"class_list":["post-26682","post","type-post","status-publish","format-standard","has-post-thumbnail","hentry","category-politica"],"_links":{"self":[{"href":"https:\/\/www.ocorreionews.com.br\/acervo-correio\/index.php?rest_route=\/wp\/v2\/posts\/26682","targetHints":{"allow":["GET"]}}],"collection":[{"href":"https:\/\/www.ocorreionews.com.br\/acervo-correio\/index.php?rest_route=\/wp\/v2\/posts"}],"about":[{"href":"https:\/\/www.ocorreionews.com.br\/acervo-correio\/index.php?rest_route=\/wp\/v2\/types\/post"}],"author":[{"embeddable":true,"href":"https:\/\/www.ocorreionews.com.br\/acervo-correio\/index.php?rest_route=\/wp\/v2\/users\/4"}],"replies":[{"embeddable":true,"href":"https:\/\/www.ocorreionews.com.br\/acervo-correio\/index.php?rest_route=%2Fwp%2Fv2%2Fcomments&post=26682"}],"version-history":[{"count":0,"href":"https:\/\/www.ocorreionews.com.br\/acervo-correio\/index.php?rest_route=\/wp\/v2\/posts\/26682\/revisions"}],"wp:featuredmedia":[{"embeddable":true,"href":"https:\/\/www.ocorreionews.com.br\/acervo-correio\/index.php?rest_route=\/wp\/v2\/media\/26683"}],"wp:attachment":[{"href":"https:\/\/www.ocorreionews.com.br\/acervo-correio\/index.php?rest_route=%2Fwp%2Fv2%2Fmedia&parent=26682"}],"wp:term":[{"taxonomy":"category","embeddable":true,"href":"https:\/\/www.ocorreionews.com.br\/acervo-correio\/index.php?rest_route=%2Fwp%2Fv2%2Fcategories&post=26682"},{"taxonomy":"post_tag","embeddable":true,"href":"https:\/\/www.ocorreionews.com.br\/acervo-correio\/index.php?rest_route=%2Fwp%2Fv2%2Ftags&post=26682"}],"curies":[{"name":"wp","href":"https:\/\/api.w.org\/{rel}","templated":true}]}}