{"id":26693,"date":"2016-05-05T08:10:36","date_gmt":"2016-05-05T12:10:36","guid":{"rendered":"https:\/\/ocorreionews.com.br\/?p=26693"},"modified":"2016-05-05T08:15:10","modified_gmt":"2016-05-05T12:15:10","slug":"chefe-do-executivo-participa-de-reuniao-socioeducativa-com-beneficiarios-do-programa-bolsa-familia-da-laje-e-regiao","status":"publish","type":"post","link":"https:\/\/www.ocorreionews.com.br\/acervo-correio\/?p=26693","title":{"rendered":"Waldeli participa de reuni\u00e3o socioeducativa com benefici\u00e1rios do Programa Bolsa Fam\u00edlia da Laje e regi\u00e3o"},"content":{"rendered":"<p>O prefeito de Costa Rica \u2013 MS, Waldeli dos Santos Rosa, participou na tarde de ter\u00e7a-feira, 03 de maio de 2016, no Centro M\u00faltiplo Uso da comunidade da Laje, da reuni\u00e3o socioeducativa com os benefici\u00e1rios do Programa Bolsa Fam\u00edlia.<\/p>\n<p>\u201cReuni\u00f5es como essa s\u00e3o extremamente importantes, principalmente porque as fam\u00edlias t\u00eam a oportunidade de ouvir conselhos de profis<span class=\"\">sionais, que sempre abordam temas relevantes, capazes de fortalecer os v\u00ednculos familiares e comunit\u00e1rios\u201d, enfatizou o Chefe do Executivo Municipal.<\/span><\/p>\n<div class=\"\">\n<p>Durante o encontro o prefeito Waldeli conversou com os benefici\u00e1rios e tirou d\u00favidas. Al\u00e9m de participar do sorteio de brindes e entregar lembrancinhas para as m\u00e3es. \u201cO benef\u00edcio recebido do Bolsa Fam\u00edlia subiu 9% a partir de junho, ent\u00e3o ele vai ficar mais criterioso. Eu como gestor p\u00fablico, quero estar perto de voc\u00eas e ajudar no que for preciso\u201d, ressaltou.<\/p>\n<p>Cerca de 20 pessoas participaram do encontro. Ao final da reuni\u00e3o, todos os benefici\u00e1rios que levaram o CPF, puderam receber cada um, cinco quilos de feij\u00e3o.<\/p>\n<p><img loading=\"lazy\" decoding=\"async\" src=\"https:\/\/attachment.outlook.office.net\/owa\/jornalocorreio@live.com\/service.svc\/s\/GetFileAttachment?id=AQMkADAwATM0MDAAMS1hZTgzLTAxOTAtMDACLTAwCgBGAAADMRcmT7uTGk2Fx98JEbaMpQcANDtlSz4VBECHGhAlBh8ERwAAAgEMAAAANDtlSz4VBECHGhAlBh8ERwAAAEiS1D0AAAABEgAQAOiGUuf03T5ClsohzFZHrSQ%3D&amp;X-OWA-CANARY=MN7Eol03W0G209SzBmL2X7AQQ7zddNMYl-702jZUycp3JfC8x4B6-PZduFcBEqHX7PXgTnPmq-8.&amp;token=fcad07e2-d238-48c9-a218-0f00dc6bf529&amp;owa=outlook.live.com\" width=\"454\" height=\"318\" data-custom=\"AQMkADAwATM0MDAAMS1hZTgzLTAxOTAtMDACLTAwCgBGAAADMRcmT7uTGk2Fx98JEbaMpQcANDtlSz4VBECHGhAlBh8ERwAAAgEMAAAANDtlSz4VBECHGhAlBh8ERwAAAEiS1D0AAAABEgAQAOiGUuf03T5ClsohzFZHrSQ%3D\" \/><\/p>\n<p>A secret\u00e1ria interina de Assist\u00eancia Social, Luana Oliveira da Silva lembrou a todos sobre o Baile de Debutantes e pediu para que as meninas nascidas nos anos de 2000 e 2001 entrem em contato com o \u00f3rg\u00e3o para se cadastrar.<\/p>\n<p>Foto: Juliana Zanlorenzi &#8211; ASSECOM\/PMCR<\/p>\n<p>&nbsp;<\/p>\n<\/div>\n","protected":false},"excerpt":{"rendered":"<p>O prefeito de Costa Rica \u2013 MS, Waldeli dos Santos Rosa, participou na tarde de ter\u00e7a-feira, 03 de maio de 2016, no Centro M\u00faltiplo Uso da comunidade da Laje, da reuni\u00e3o socioeducativa com os benefici\u00e1rios do Programa Bolsa Fam\u00edlia. \u201cReuni\u00f5es como essa s\u00e3o extremamente importantes, principalmente porque as fam\u00edlias t\u00eam a oportunidade de ouvir conselhos [&hellip;]<\/p>\n","protected":false},"author":4,"featured_media":26694,"comment_status":"closed","ping_status":"closed","sticky":false,"template":"","format":"standard","meta":{"footnotes":""},"categories":[25],"tags":[],"class_list":["post-26693","post","type-post","status-publish","format-standard","has-post-thumbnail","hentry","category-costa-rica"],"_links":{"self":[{"href":"https:\/\/www.ocorreionews.com.br\/acervo-correio\/index.php?rest_route=\/wp\/v2\/posts\/26693","targetHints":{"allow":["GET"]}}],"collection":[{"href":"https:\/\/www.ocorreionews.com.br\/acervo-correio\/index.php?rest_route=\/wp\/v2\/posts"}],"about":[{"href":"https:\/\/www.ocorreionews.com.br\/acervo-correio\/index.php?rest_route=\/wp\/v2\/types\/post"}],"author":[{"embeddable":true,"href":"https:\/\/www.ocorreionews.com.br\/acervo-correio\/index.php?rest_route=\/wp\/v2\/users\/4"}],"replies":[{"embeddable":true,"href":"https:\/\/www.ocorreionews.com.br\/acervo-correio\/index.php?rest_route=%2Fwp%2Fv2%2Fcomments&post=26693"}],"version-history":[{"count":0,"href":"https:\/\/www.ocorreionews.com.br\/acervo-correio\/index.php?rest_route=\/wp\/v2\/posts\/26693\/revisions"}],"wp:featuredmedia":[{"embeddable":true,"href":"https:\/\/www.ocorreionews.com.br\/acervo-correio\/index.php?rest_route=\/wp\/v2\/media\/26694"}],"wp:attachment":[{"href":"https:\/\/www.ocorreionews.com.br\/acervo-correio\/index.php?rest_route=%2Fwp%2Fv2%2Fmedia&parent=26693"}],"wp:term":[{"taxonomy":"category","embeddable":true,"href":"https:\/\/www.ocorreionews.com.br\/acervo-correio\/index.php?rest_route=%2Fwp%2Fv2%2Fcategories&post=26693"},{"taxonomy":"post_tag","embeddable":true,"href":"https:\/\/www.ocorreionews.com.br\/acervo-correio\/index.php?rest_route=%2Fwp%2Fv2%2Ftags&post=26693"}],"curies":[{"name":"wp","href":"https:\/\/api.w.org\/{rel}","templated":true}]}}