{"id":26707,"date":"2016-05-05T09:18:52","date_gmt":"2016-05-05T13:18:52","guid":{"rendered":"https:\/\/ocorreionews.com.br\/?p=26707"},"modified":"2016-05-05T10:16:19","modified_gmt":"2016-05-05T14:16:19","slug":"36o-aniversario-de-costa-rica-sera-celebrado-no-periodo-de-06-a-15-de-maio","status":"publish","type":"post","link":"https:\/\/www.ocorreionews.com.br\/acervo-correio\/?p=26707","title":{"rendered":"36\u00ba Anivers\u00e1rio de Costa Rica ser\u00e1 celebrado no per\u00edodo de 06 a 15 de maio"},"content":{"rendered":"<div class=\"marginBottom30px link-Internas\">\n<p>As celebra\u00e7\u00f5es oficiais em comemora\u00e7\u00e3o ao 36\u00b0 Ano de Emancipa\u00e7\u00e3o Pol\u00edtico-Administrativa de Costa Rica &#8211; MS come\u00e7am na sexta-feira, 06 de maio de 2016, a partir das 19h, com Sess\u00e3o Solene de Entrega da Medalha do M\u00e9rito Legislativo &#8220;Medalha Jos\u00e9 Ferreira da Costa&#8221; que ser\u00e1 realizada no Plen\u00e1rio da C\u00e2mara Municipal de Vereadores.<\/p>\n<p>A programa\u00e7\u00e3o oficial que se estende at\u00e9 o dia 15 de maio, foi elaborada por uma comiss\u00e3o constitu\u00edda pelo prefeito Waldeli dos Santos Rosa. \u201cO anivers\u00e1rio de uma cidade \u00e9 muito mais do que um marco na vida de cada cidad\u00e3o, \u00e9 uma p\u00e1gina que viramos para conquistar novos sonhos, novas realiza\u00e7\u00f5es e continuar reescrevendo a hist\u00f3ria. Anivers\u00e1rios s\u00e3o anos que refletem a perman\u00eancia de algo que dura. Por isso com orgulho devemos comemorar o anivers\u00e1rio do nosso Munic\u00edpio e, sinceramente, quem tamb\u00e9m merece ser parabenizado \u00e9 o povo costarriquense\u201d, enfatiza.<\/p>\n<p>Eventos organizados pela sociedade civil organizada e por entidades parceiras do Governo de Costa Rica completam a programa\u00e7\u00e3o, confira abaixo:<\/p>\n<p><strong>15\u00ba Encontro Diocesano de F\u00e9 e Pol\u00edtica<\/strong><br \/>\nO 15\u00ba Encontro Diocesano de F\u00e9 e Pol\u00edtica com o tema: \u201cSaneamento B\u00e1sico \u2013 Nossa Responsabilidade\u201d que tem como ponto de partida a Campanha da Fraternidade: \u201cCasa comum, nossa responsabilidade\u201d, realizado pela Diocese de Coxim &#8211; MS e o CNLB \u2013 Conselho Diocesano de Leigos, em parceria com o Poder Executivo e Poder Legislativo de Costa Rica, busca aprofundar o relacionamento entre a Igreja e os pol\u00edticos locais e da regi\u00e3o. O evento ser\u00e1 realizado no s\u00e1bado, 07 de maio de 2016, no Audit\u00f3rio Cultural Ambiental Valdir Justino de Almeida no Parque Natural Municipal Salto do Sucuri\u00fa a partir das 7h.<\/p>\n<p><strong>6\u00aa Edi\u00e7\u00e3o da Feira Rica<\/strong><br \/>\nCom o objetivo de abrilhantar ainda mais a programa\u00e7\u00e3o de anivers\u00e1rio de Costa Rica, a 6\u00aa Edi\u00e7\u00e3o da Feira Rica ser\u00e1 realizada excepcionalmente na segunda quarta-feira do m\u00eas, dia 11 de maio, no Mercado do Produtor a partir das 18 horas.<\/p>\n<p><strong>Inaugura\u00e7\u00f5es<\/strong><br \/>\nJ\u00e1 no dia <span style=\"color: #ff0000;\">12 de mai<\/span>o, data em que Costa Rica celebra seus 36 anos, ser\u00e3o realizadas in\u00fameras inaugura\u00e7\u00f5es a partir das 08h, s\u00e3o elas:<br \/>\n\u2022\u00a0\u00a0 \u00a0Pavimenta\u00e7\u00e3o Asf\u00e1ltica e Drenagem de \u00c1guas Pluviais do bairro Parque dos Ip\u00eas.<br \/>\nLocal: Residencial Ip\u00ea.<br \/>\nA obra que tem o valor total de R$491.380,58 de conv\u00eanio \u00e9 feita com recursos da Uni\u00e3o, sendo R$295.300 repasse do governo federal pela Emenda parlamentar n\u00ba29860003 do deputado Federal Akira Otsubo e R$196.080,58 de recursos do munic\u00edpio. A pavimenta\u00e7\u00e3o asf\u00e1ltica e drenagem \u00e9 instalada no Cedro esquina com a Rua Aroeira.<\/p>\n<p>\u2022\u00a0\u00a0 \u00a0Pavimenta\u00e7\u00e3o Asf\u00e1ltica e Drenagem de \u00c1guas Pluviais do Jardim Novo Horizonte e Entrega de Micro-\u00f4nibus para a Secretaria Municipal de Sa\u00fade.<\/p>\n<p>Local: No cruzamento das Ruas Adelor Correa Leite \/ Adriano Corr\u00eaa da Silva. A obra que custou R$1.366.205,70 \u00e9 feita com 100% de recursos pr\u00f3prios do Munic\u00edpio e est\u00e1 instalada na Rua Adelor Correa Leite esquina com a Rua Adriano Correa da Silva.<\/p>\n<p>\u2022\u00a0\u00a0 \u00a0Duplica\u00e7\u00e3o do Prolongamento da Avenida Jos\u00e9 Ferreira da Costa.<\/p>\n<p>Local: Ao lado do Centro de Eventos Ramez Tebet.<br \/>\nA duplica\u00e7\u00e3o \u00e9 feita com recursos pr\u00f3prios do munic\u00edpio no valor de R$1.294.942,07, e est\u00e1 sendo instalada no in\u00edcio do canteiro em frente ao Est\u00e1dio Municipal Laerte Paes Coelho.<\/p>\n<p>\u2022\u00a0\u00a0 \u00a0Irriga\u00e7\u00e3o e Ilumina\u00e7\u00e3o do prolongamento da Avenida Jos\u00e9 Ferreira da Costa.<\/p>\n<p>Local: Na rotat\u00f3ria de acesso \u00e0 Rua Domingos Afonso de Amorim.<\/p>\n<p><strong>Desfile<\/strong><\/p>\n<p>Para encerrar as atividades do dia 12 de maio, a Secretaria de Educa\u00e7\u00e3o em parceria com todas as Secretarias do Governo realizam a partir das 16h, no Centro de Eventos Ramez Tebet, o tradicional o desfile em comemora\u00e7\u00e3o ao 36\u00b0 Ano de Emancipa\u00e7\u00e3o Pol\u00edtico-administrativo de Costa Rica\/MS \u2013 Brasil. Ap\u00f3s as apresenta\u00e7\u00f5es ser\u00e1 realizado um Show com Marciel Corr\u00eaa e n\u00e3o mais o Grupo MDO como havia divulgados.<\/p>\n<p><strong>2\u00aa Queima do Alho<\/strong><br \/>\nEm continuidade as comemora\u00e7\u00f5es dos 36 anos do Munic\u00edpio, o Governo de Costa Rica em parceria com o Clube do La\u00e7o 3 Divisas estar\u00e1 realizado no dia 15 de maio de 2016 (domingo), a partir das 12h, a 2\u00aa edi\u00e7\u00e3o da Queima do Alho que estar\u00e1 premiando os melhores careteiros, sendo R$ 1 mil para o 1\u00ba Lugar; R$ 700 para o 2\u00ba Colocado e R$ 300 para o 3\u00ba lugar.<\/p>\n<p><strong>9\u00b0 Encontro Estadual de La\u00e7o Comprido<\/strong><br \/>\nO Clube do La\u00e7o 3 Divisas tamb\u00e9m estar\u00e1 realizando entre os dias 13 a 15 de maio de 2016 (sexta, s\u00e1bado e domingo), o 9\u00ba Encontro Estadual de La\u00e7o Comprido. Ser\u00e3o disputadas 38 ta\u00e7as, nas categorias de Pe\u00e3o Mirim, Bandeira, Adulto, Amazonas, entre outros.<\/p>\n<p>O prefeito Waldeli e sua equipe de Governo convidam toda a popula\u00e7\u00e3o a prestigiar os eventos.<\/p>\n<\/div>\n<p><a href=\"https:\/\/ocorreionews.com.br\/wp-content\/uploads\/2016\/05\/convite-aniversario-cr-2016.jpg\"><img loading=\"lazy\" decoding=\"async\" class=\"alignnone wp-image-26708 size-full\" src=\"https:\/\/ocorreionews.com.br\/wp-content\/uploads\/2016\/05\/convite-aniversario-cr-2016.jpg\" alt=\"convite aniversario cr 2016\" width=\"800\" height=\"1155\" srcset=\"https:\/\/www.ocorreionews.com.br\/acervo-correio\/wp-content\/uploads\/2016\/05\/convite-aniversario-cr-2016.jpg 800w, https:\/\/www.ocorreionews.com.br\/acervo-correio\/wp-content\/uploads\/2016\/05\/convite-aniversario-cr-2016-208x300.jpg 208w, https:\/\/www.ocorreionews.com.br\/acervo-correio\/wp-content\/uploads\/2016\/05\/convite-aniversario-cr-2016-768x1109.jpg 768w, https:\/\/www.ocorreionews.com.br\/acervo-correio\/wp-content\/uploads\/2016\/05\/convite-aniversario-cr-2016-709x1024.jpg 709w\" sizes=\"auto, (max-width: 800px) 100vw, 800px\" \/><\/a><\/p>\n<div class=\"marginBottom30px link-Internas\">ASSECOM\/PMCR<\/div>\n","protected":false},"excerpt":{"rendered":"<p>As celebra\u00e7\u00f5es oficiais em comemora\u00e7\u00e3o ao 36\u00b0 Ano de Emancipa\u00e7\u00e3o Pol\u00edtico-Administrativa de Costa Rica &#8211; MS come\u00e7am na sexta-feira, 06 de maio de 2016, a partir das 19h, com Sess\u00e3o Solene de Entrega da Medalha do M\u00e9rito Legislativo &#8220;Medalha Jos\u00e9 Ferreira da Costa&#8221; que ser\u00e1 realizada no Plen\u00e1rio da C\u00e2mara Municipal de Vereadores. A programa\u00e7\u00e3o [&hellip;]<\/p>\n","protected":false},"author":4,"featured_media":26709,"comment_status":"closed","ping_status":"closed","sticky":false,"template":"","format":"standard","meta":{"footnotes":""},"categories":[25],"tags":[],"class_list":["post-26707","post","type-post","status-publish","format-standard","has-post-thumbnail","hentry","category-costa-rica"],"_links":{"self":[{"href":"https:\/\/www.ocorreionews.com.br\/acervo-correio\/index.php?rest_route=\/wp\/v2\/posts\/26707","targetHints":{"allow":["GET"]}}],"collection":[{"href":"https:\/\/www.ocorreionews.com.br\/acervo-correio\/index.php?rest_route=\/wp\/v2\/posts"}],"about":[{"href":"https:\/\/www.ocorreionews.com.br\/acervo-correio\/index.php?rest_route=\/wp\/v2\/types\/post"}],"author":[{"embeddable":true,"href":"https:\/\/www.ocorreionews.com.br\/acervo-correio\/index.php?rest_route=\/wp\/v2\/users\/4"}],"replies":[{"embeddable":true,"href":"https:\/\/www.ocorreionews.com.br\/acervo-correio\/index.php?rest_route=%2Fwp%2Fv2%2Fcomments&post=26707"}],"version-history":[{"count":0,"href":"https:\/\/www.ocorreionews.com.br\/acervo-correio\/index.php?rest_route=\/wp\/v2\/posts\/26707\/revisions"}],"wp:featuredmedia":[{"embeddable":true,"href":"https:\/\/www.ocorreionews.com.br\/acervo-correio\/index.php?rest_route=\/wp\/v2\/media\/26709"}],"wp:attachment":[{"href":"https:\/\/www.ocorreionews.com.br\/acervo-correio\/index.php?rest_route=%2Fwp%2Fv2%2Fmedia&parent=26707"}],"wp:term":[{"taxonomy":"category","embeddable":true,"href":"https:\/\/www.ocorreionews.com.br\/acervo-correio\/index.php?rest_route=%2Fwp%2Fv2%2Fcategories&post=26707"},{"taxonomy":"post_tag","embeddable":true,"href":"https:\/\/www.ocorreionews.com.br\/acervo-correio\/index.php?rest_route=%2Fwp%2Fv2%2Ftags&post=26707"}],"curies":[{"name":"wp","href":"https:\/\/api.w.org\/{rel}","templated":true}]}}