{"id":26715,"date":"2016-05-05T09:34:51","date_gmt":"2016-05-05T13:34:51","guid":{"rendered":"https:\/\/ocorreionews.com.br\/?p=26715"},"modified":"2016-05-05T09:35:51","modified_gmt":"2016-05-05T13:35:51","slug":"governo-preve-728-mil-procedimentos-em-pacientes-da-capital-e-mais-16-cidades-incluindo-costa-rica-e-chapadao-do-sul","status":"publish","type":"post","link":"https:\/\/www.ocorreionews.com.br\/acervo-correio\/?p=26715","title":{"rendered":"Governo prev\u00ea 72,8 mil procedimentos em pacientes da Capital e mais 16 cidades incluindo nossa regi\u00e3o"},"content":{"rendered":"<div>Ap\u00f3s o in\u00edcio da primeira a\u00e7\u00e3o em parceria com a Sociedade Brasileira de Endoscopia Digestiva com 150 colonoscopias entre ontem (3) e hoje (4), o governo do Estado prev\u00ea realizar 72,8 mil procedimentos m\u00e9dicos na Caravana da Sa\u00fade em Campo Grande e outras 16 cidades da regi\u00e3o. As consultas do programa est\u00e3o marcadas para come\u00e7arem no dia 10 deste m\u00eas e a partir do dia 14 come\u00e7am as cirurgias, que ser\u00e3o realizadas no complexo montado no Centro de Conven\u00e7\u00f5es Albano Franco.<\/div>\n<div><\/div>\n<div>Conforme o governo do Estado, al\u00e9m da Capital, os munic\u00edpios de Jaraguari, Terenos, Sidrol\u00e2ndia, Nova Alvorada do Sul, Ribas do Rio Pardo, Bandeirantes, Rochedo, Corguinho, Maracaju, Rio Negro, S\u00e3o Gabriel do Oeste, Camapu\u00e3, <strong>Para\u00edso das \u00c1guas, Figueir\u00e3o, Costa Rica e Chapad\u00e3o do Sul <\/strong>tamb\u00e9m ser\u00e3o contemplados com a passagem da Caravana.<\/div>\n<div><\/div>\n<div>Por conta da grande demanda da regi\u00e3o, a Caravana da Capital n\u00e3o ter\u00e1 apenas um Dia D. Os tr\u00eas \u00faltimos finais de semana do m\u00eas de maio ser\u00e3o os dias de mobiliza\u00e7\u00e3o geral dos atendimentos nas 11 especialidades previstas.<\/div>\n<div><\/div>\n<div>De acordo com a coordena\u00e7\u00e3o da Caravana, dos 72,8 mil procedimentos m\u00e9dicos, est\u00e3o previstos para essa etapa do programa 35 mil consultas e 12 mil cirurgias oftalmol\u00f3gicas, que \u00e9 considerada pelo governo do Estado uma das principais demandas da popula\u00e7\u00e3o de Mato Grosso do Sul. O restante s\u00e3o consultas de diversas especialidades e cirurgias eletivas. Todos os servi\u00e7os que comp\u00f5em os trabalhos da Caravana da Sa\u00fade integram a rede SUS (Sistema \u00danico de Sa\u00fade) e tem como objetivo reduzir a fila de espera de algumas especialidades em que pacientes aguardam h\u00e1 anos por uma consulta ou cirurgia.<\/div>\n<div><\/div>\n<div><\/div>\n<div><\/div>\n<div><\/div>\n<div><\/div>\n<div>Fonte: Campo Grande News<\/div>\n","protected":false},"excerpt":{"rendered":"<p>Ap\u00f3s o in\u00edcio da primeira a\u00e7\u00e3o em parceria com a Sociedade Brasileira de Endoscopia Digestiva com 150 colonoscopias entre ontem (3) e hoje (4), o governo do Estado prev\u00ea realizar 72,8 mil procedimentos m\u00e9dicos na Caravana da Sa\u00fade em Campo Grande e outras 16 cidades da regi\u00e3o. As consultas do programa est\u00e3o marcadas para come\u00e7arem [&hellip;]<\/p>\n","protected":false},"author":4,"featured_media":26716,"comment_status":"closed","ping_status":"closed","sticky":false,"template":"","format":"standard","meta":{"footnotes":""},"categories":[23,25,30,36],"tags":[],"class_list":["post-26715","post","type-post","status-publish","format-standard","has-post-thumbnail","hentry","category-chapadao-do-sul","category-costa-rica","category-figueirao","category-paraiso-das-aguas"],"_links":{"self":[{"href":"https:\/\/www.ocorreionews.com.br\/acervo-correio\/index.php?rest_route=\/wp\/v2\/posts\/26715","targetHints":{"allow":["GET"]}}],"collection":[{"href":"https:\/\/www.ocorreionews.com.br\/acervo-correio\/index.php?rest_route=\/wp\/v2\/posts"}],"about":[{"href":"https:\/\/www.ocorreionews.com.br\/acervo-correio\/index.php?rest_route=\/wp\/v2\/types\/post"}],"author":[{"embeddable":true,"href":"https:\/\/www.ocorreionews.com.br\/acervo-correio\/index.php?rest_route=\/wp\/v2\/users\/4"}],"replies":[{"embeddable":true,"href":"https:\/\/www.ocorreionews.com.br\/acervo-correio\/index.php?rest_route=%2Fwp%2Fv2%2Fcomments&post=26715"}],"version-history":[{"count":0,"href":"https:\/\/www.ocorreionews.com.br\/acervo-correio\/index.php?rest_route=\/wp\/v2\/posts\/26715\/revisions"}],"wp:featuredmedia":[{"embeddable":true,"href":"https:\/\/www.ocorreionews.com.br\/acervo-correio\/index.php?rest_route=\/wp\/v2\/media\/26716"}],"wp:attachment":[{"href":"https:\/\/www.ocorreionews.com.br\/acervo-correio\/index.php?rest_route=%2Fwp%2Fv2%2Fmedia&parent=26715"}],"wp:term":[{"taxonomy":"category","embeddable":true,"href":"https:\/\/www.ocorreionews.com.br\/acervo-correio\/index.php?rest_route=%2Fwp%2Fv2%2Fcategories&post=26715"},{"taxonomy":"post_tag","embeddable":true,"href":"https:\/\/www.ocorreionews.com.br\/acervo-correio\/index.php?rest_route=%2Fwp%2Fv2%2Ftags&post=26715"}],"curies":[{"name":"wp","href":"https:\/\/api.w.org\/{rel}","templated":true}]}}