{"id":26720,"date":"2016-05-05T09:38:35","date_gmt":"2016-05-05T13:38:35","guid":{"rendered":"https:\/\/ocorreionews.com.br\/?p=26720"},"modified":"2016-05-05T09:38:35","modified_gmt":"2016-05-05T13:38:35","slug":"2a-edicao-da-queima-do-alho-esta-com-inscricoes-abertas-ate-dia-11-de-maio","status":"publish","type":"post","link":"https:\/\/www.ocorreionews.com.br\/acervo-correio\/?p=26720","title":{"rendered":"2\u00aa edi\u00e7\u00e3o da Queima do Alho est\u00e1 com inscri\u00e7\u00f5es abertas at\u00e9 dia 11 de maio"},"content":{"rendered":"<div class=\"marginBottom30px link-Internas\">\n<p>A SETMA &#8211; Secretaria de Turismo e Meio Ambiente de Costa Rica \u2013 MS abre nesta quinta-feira, 05 de maio de 2016, as inscri\u00e7\u00f5es para a 2\u00aa edi\u00e7\u00e3o da Queima do Alho, concurso culin\u00e1rio de comida tropeira que o Governo Municipal em parceria com o Clube do La\u00e7o 3 Divisas \u20183D\u2019 realizar\u00e1 no dia 15 de maio (domingo), a partir das 12h.<\/p>\n<p>As inscri\u00e7\u00f5es s\u00e3o gratuitas e podem ser feitas at\u00e9 o dia 11 de maio, das 7h \u00e0s 11h e das 13h \u00e0s 17h na sede da SEMTMA. Mais informa\u00e7\u00f5es no telefone (67) 3247 7070.<\/p>\n<p>Animado com a realiza\u00e7\u00e3o da segunda edi\u00e7\u00e3o, o prefeito Waldeli dos Santos Rosa acredita que o concurso ser\u00e1 um sucesso. \u201cNo per\u00edodo em que n\u00f3s comemoramos o anivers\u00e1rio de Costa Rica, nada melhor do que apreciar uma boa Queima do Alho. Afinal, culin\u00e1ria tamb\u00e9m \u00e9 cultura e hist\u00f3ria. \u00c9 o resgate de uma tradi\u00e7\u00e3o que nos faz relembrar nossos antepassados, al\u00e9m de unir as fam\u00edlias\u201d, enfatiza.<\/p>\n<p>Para o secret\u00e1rio interino de Turismo e Meio Ambiente, a Queima do Alho \u00e9 uma festa que agrada a todos e trata-se de uma oportunidade de passar um belo domingo com a fam\u00edlia e amigos. \u201c\u00c9 importante que todos possam prestigiar um evento como esse, \u00e9 um momento de felicidade e lazer\u201d, afirma.<\/p>\n<p>Conforme a subsecret\u00e1ria de Administra\u00e7\u00e3o Liliane Campos, podem participar trios dispostos a preparar arroz carreteiro ao estilo dos antigos tropeiros. De acordo com o regulamento, os participantes da prova v\u00e3o receber um Kit de Alimentos que ir\u00e1 conter 2 Kg de arroz, 3 Kg de carne (Ponta de Peito, Cupim ou Fraldinha), alho, cebola e 1L de \u00f3leo ou banha.<\/p>\n<p>\u201cTodos os concorrentes devem providenciar sua pr\u00f3pria \u2018traia\u2019, que s\u00e3o os equipamentos necess\u00e1rios para o preparo dos pratos, feitos ao fogo de ch\u00e3o. Ganha a equipe que, na opini\u00e3o dos jurados, fizer o melhor prato no menor tempo\u201d explica Liliane Campos que complementa que a comiss\u00e3o julgadora ser\u00e1 montada com membros de outras cidades.<\/p>\n<p>Premia\u00e7\u00e3o:<br \/>\n1\u00ba Lugar: R$1.000,00 mais Trof\u00e9u;<br \/>\n2\u00ba Lugar: R$ 700.00 mais medalha;<br \/>\n3\u00ba Lugar: R$ 300.00 mais medalha.<\/p>\n<p><a href=\"https:\/\/ocorreionews.com.br\/wp-content\/uploads\/2016\/05\/Queima-do-Alho-CR.jpg\"><img loading=\"lazy\" decoding=\"async\" class=\"alignnone wp-image-26721 size-full\" src=\"https:\/\/ocorreionews.com.br\/wp-content\/uploads\/2016\/05\/Queima-do-Alho-CR.jpg\" alt=\"Queima do Alho CR\" width=\"800\" height=\"598\" srcset=\"https:\/\/www.ocorreionews.com.br\/acervo-correio\/wp-content\/uploads\/2016\/05\/Queima-do-Alho-CR.jpg 800w, https:\/\/www.ocorreionews.com.br\/acervo-correio\/wp-content\/uploads\/2016\/05\/Queima-do-Alho-CR-300x224.jpg 300w, https:\/\/www.ocorreionews.com.br\/acervo-correio\/wp-content\/uploads\/2016\/05\/Queima-do-Alho-CR-768x574.jpg 768w, https:\/\/www.ocorreionews.com.br\/acervo-correio\/wp-content\/uploads\/2016\/05\/Queima-do-Alho-CR-100x75.jpg 100w\" sizes=\"auto, (max-width: 800px) 100vw, 800px\" \/><\/a><\/p>\n<\/div>\n<div class=\"marginBottom30px link-Internas\">ASSECOM\/PMCR<\/div>\n","protected":false},"excerpt":{"rendered":"<p>A SETMA &#8211; Secretaria de Turismo e Meio Ambiente de Costa Rica \u2013 MS abre nesta quinta-feira, 05 de maio de 2016, as inscri\u00e7\u00f5es para a 2\u00aa edi\u00e7\u00e3o da Queima do Alho, concurso culin\u00e1rio de comida tropeira que o Governo Municipal em parceria com o Clube do La\u00e7o 3 Divisas \u20183D\u2019 realizar\u00e1 no dia 15 [&hellip;]<\/p>\n","protected":false},"author":4,"featured_media":26723,"comment_status":"closed","ping_status":"closed","sticky":false,"template":"","format":"standard","meta":{"footnotes":""},"categories":[25],"tags":[],"class_list":["post-26720","post","type-post","status-publish","format-standard","has-post-thumbnail","hentry","category-costa-rica"],"_links":{"self":[{"href":"https:\/\/www.ocorreionews.com.br\/acervo-correio\/index.php?rest_route=\/wp\/v2\/posts\/26720","targetHints":{"allow":["GET"]}}],"collection":[{"href":"https:\/\/www.ocorreionews.com.br\/acervo-correio\/index.php?rest_route=\/wp\/v2\/posts"}],"about":[{"href":"https:\/\/www.ocorreionews.com.br\/acervo-correio\/index.php?rest_route=\/wp\/v2\/types\/post"}],"author":[{"embeddable":true,"href":"https:\/\/www.ocorreionews.com.br\/acervo-correio\/index.php?rest_route=\/wp\/v2\/users\/4"}],"replies":[{"embeddable":true,"href":"https:\/\/www.ocorreionews.com.br\/acervo-correio\/index.php?rest_route=%2Fwp%2Fv2%2Fcomments&post=26720"}],"version-history":[{"count":0,"href":"https:\/\/www.ocorreionews.com.br\/acervo-correio\/index.php?rest_route=\/wp\/v2\/posts\/26720\/revisions"}],"wp:featuredmedia":[{"embeddable":true,"href":"https:\/\/www.ocorreionews.com.br\/acervo-correio\/index.php?rest_route=\/wp\/v2\/media\/26723"}],"wp:attachment":[{"href":"https:\/\/www.ocorreionews.com.br\/acervo-correio\/index.php?rest_route=%2Fwp%2Fv2%2Fmedia&parent=26720"}],"wp:term":[{"taxonomy":"category","embeddable":true,"href":"https:\/\/www.ocorreionews.com.br\/acervo-correio\/index.php?rest_route=%2Fwp%2Fv2%2Fcategories&post=26720"},{"taxonomy":"post_tag","embeddable":true,"href":"https:\/\/www.ocorreionews.com.br\/acervo-correio\/index.php?rest_route=%2Fwp%2Fv2%2Ftags&post=26720"}],"curies":[{"name":"wp","href":"https:\/\/api.w.org\/{rel}","templated":true}]}}