{"id":26749,"date":"2016-05-06T08:05:28","date_gmt":"2016-05-06T12:05:28","guid":{"rendered":"https:\/\/ocorreionews.com.br\/?p=26749"},"modified":"2016-05-06T08:05:28","modified_gmt":"2016-05-06T12:05:28","slug":"jovens-ateiam-fogo-e-destroem-onibus-do-transporte-escolar-de-coxim","status":"publish","type":"post","link":"https:\/\/www.ocorreionews.com.br\/acervo-correio\/?p=26749","title":{"rendered":"Jovens ateiam fogo e destroem \u00f4nibus do transporte escolar de Coxim"},"content":{"rendered":"<p>Dois jovens teriam ateado fogo num \u00f4nibus que faz transporte escolar para a prefeitura de Coxim, na madrugada desta sexta-feira (5), no bairro Senhor Divino. O ve\u00edculo foi totalmente destru\u00eddo pelas chamas, contidas pelo Corpo de Bombeiros com uso de aproximadamente dois mil litros de \u00e1gua.<\/p>\n<p>No momento do inc\u00eandio, o \u00f4nibus estava estacionado em frente \u00e0 casa do motorista. O que \u00e9 uma pr\u00e1tica comum. Ricardo Correia da Silva, de 36 anos, informou que estacionou por volta das 17 horas do dia anterior e s\u00f3 sairia de madrugada para buscar alunos no Jauru.<\/p>\n<p>Foram vizinhos que avistaram a a\u00e7\u00e3o dos jovens. O caso ser\u00e1 investigado pela Pol\u00edcia Civil. Na prefeitura o clima \u00e9 de desconfian\u00e7a, principalmente por se tratar de um ano eleitoral. Alguns apostam que o ato covarde tem o \u00fanico objetivo de tentar prejudicar o prefeito.<\/p>\n<p>Segundo o gabinete, o \u00f4nibus tem seguro e j\u00e1 foi acionado para disponibilizar um ve\u00edculo reserva e restituir o patrim\u00f4nio p\u00fablico. Apesar dos rumores, o prefeito Aluizio S\u00e3o Jos\u00e9 (PSB) diz que prefere n\u00e3o acreditar que o crime tenha sido motivado por quest\u00f5es pol\u00edticas.<\/p>\n<div class=\"imagem_noticia right img300_225\">\n<figure style=\"width: 800px\" class=\"wp-caption alignnone\"><a href=\"http:\/\/edicaoms.com.br\/uploads\/images\/noticias\/ab72c4f2b0dffb6d7a55cafadaeb16b3.jpg\" data-lightbox=\"example-2\" data-title=\"Foto: Alisson Silva\"><img loading=\"lazy\" decoding=\"async\" src=\"http:\/\/edicaoms.com.br\/uploads\/images\/noticias\/ab72c4f2b0dffb6d7a55cafadaeb16b3.jpg\" width=\"800\" height=\"532\" \/><\/a><figcaption class=\"wp-caption-text\">Foto: Alisson Silva<\/figcaption><\/figure>\n<div class=\"foto_legenda\"><\/div>\n<\/div>\n<div class=\"imagem_noticia left img300_225\">\n<figure style=\"width: 800px\" class=\"wp-caption alignnone\"><a href=\"http:\/\/edicaoms.com.br\/uploads\/images\/noticias\/36ef244297095bd4741ce72ea018eca0.jpg\" data-lightbox=\"example-2\" data-title=\"Foto: Alisson Silva\"><img loading=\"lazy\" decoding=\"async\" src=\"http:\/\/edicaoms.com.br\/uploads\/images\/noticias\/36ef244297095bd4741ce72ea018eca0.jpg\" width=\"800\" height=\"532\" \/><\/a><figcaption class=\"wp-caption-text\">Foto: Alisson Silva<\/figcaption><\/figure>\n<div class=\"foto_legenda\"><\/div>\n<\/div>\n<p>\u201cMas, independente do motivo, quem ateou fogo n\u00e3o pensou nas consequ\u00eancias. N\u00e3o se importou em prejudicar dezenas de crian\u00e7as da zona rural. O importante \u00e9 que vamos fazer de tudo para que o transporte escolar seja restabelecido o mais breve poss\u00edvel\u201d, garantiu o prefeito.<\/p>\n<p>Al\u00e9m de registrar o caso na pol\u00edcia, a prefeitura vai abrir uma sindic\u00e2ncia para apurar o ocorrido.<\/p>\n<p>&nbsp;<\/p>\n<p>&nbsp;<\/p>\n<p>&nbsp;<\/p>\n<p>Edi\u00e7\u00e3o de Noticias<\/p>\n","protected":false},"excerpt":{"rendered":"<p>Dois jovens teriam ateado fogo num \u00f4nibus que faz transporte escolar para a prefeitura de Coxim, na madrugada desta sexta-feira (5), no bairro Senhor Divino. O ve\u00edculo foi totalmente destru\u00eddo pelas chamas, contidas pelo Corpo de Bombeiros com uso de aproximadamente dois mil litros de \u00e1gua. No momento do inc\u00eandio, o \u00f4nibus estava estacionado em [&hellip;]<\/p>\n","protected":false},"author":4,"featured_media":26750,"comment_status":"closed","ping_status":"closed","sticky":false,"template":"","format":"standard","meta":{"footnotes":""},"categories":[38],"tags":[],"class_list":["post-26749","post","type-post","status-publish","format-standard","has-post-thumbnail","hentry","category-policia"],"_links":{"self":[{"href":"https:\/\/www.ocorreionews.com.br\/acervo-correio\/index.php?rest_route=\/wp\/v2\/posts\/26749","targetHints":{"allow":["GET"]}}],"collection":[{"href":"https:\/\/www.ocorreionews.com.br\/acervo-correio\/index.php?rest_route=\/wp\/v2\/posts"}],"about":[{"href":"https:\/\/www.ocorreionews.com.br\/acervo-correio\/index.php?rest_route=\/wp\/v2\/types\/post"}],"author":[{"embeddable":true,"href":"https:\/\/www.ocorreionews.com.br\/acervo-correio\/index.php?rest_route=\/wp\/v2\/users\/4"}],"replies":[{"embeddable":true,"href":"https:\/\/www.ocorreionews.com.br\/acervo-correio\/index.php?rest_route=%2Fwp%2Fv2%2Fcomments&post=26749"}],"version-history":[{"count":0,"href":"https:\/\/www.ocorreionews.com.br\/acervo-correio\/index.php?rest_route=\/wp\/v2\/posts\/26749\/revisions"}],"wp:featuredmedia":[{"embeddable":true,"href":"https:\/\/www.ocorreionews.com.br\/acervo-correio\/index.php?rest_route=\/wp\/v2\/media\/26750"}],"wp:attachment":[{"href":"https:\/\/www.ocorreionews.com.br\/acervo-correio\/index.php?rest_route=%2Fwp%2Fv2%2Fmedia&parent=26749"}],"wp:term":[{"taxonomy":"category","embeddable":true,"href":"https:\/\/www.ocorreionews.com.br\/acervo-correio\/index.php?rest_route=%2Fwp%2Fv2%2Fcategories&post=26749"},{"taxonomy":"post_tag","embeddable":true,"href":"https:\/\/www.ocorreionews.com.br\/acervo-correio\/index.php?rest_route=%2Fwp%2Fv2%2Ftags&post=26749"}],"curies":[{"name":"wp","href":"https:\/\/api.w.org\/{rel}","templated":true}]}}