{"id":26754,"date":"2016-05-06T08:12:33","date_gmt":"2016-05-06T12:12:33","guid":{"rendered":"https:\/\/ocorreionews.com.br\/?p=26754"},"modified":"2016-05-06T08:12:33","modified_gmt":"2016-05-06T12:12:33","slug":"paraiso-das-aguas-estara-representado-no-ii-festival-internacional-de-capoeira-na-africa","status":"publish","type":"post","link":"https:\/\/www.ocorreionews.com.br\/acervo-correio\/?p=26754","title":{"rendered":"Para\u00edso das \u00c1guas estar\u00e1 representado no II Festival Internacional de Capoeira na \u00c1frica"},"content":{"rendered":"<p>A Prefeitura Municipal de Para\u00edso das \u00c1guas ter\u00e1 um representante no \u201c II Festival Internacional \u00a0de Capoeira \u00c2nsia de Liberdade\u201d, que ir\u00e1 realiza-se na cidade de Abidjan, Costa do Marfim na \u00c1frica, entre os dias 14 \u00e0 25 de maio.<\/p>\n<p>O mestre de capoeira do munic\u00edpio, Douglas Correa da Silva(Mestre Pernalonga) ser\u00e1 o \u00fanico sul-mato-grossense que estar\u00e1 participando do evento. O Festival \u00e9 um intercambio cultural entre o Brasil e a \u00c1frica, uma troca de experi\u00eancias e aprendizado entre os dois pa\u00edses.<\/p>\n<p>\u201c O objetivo da viagem \u00e9 colher a cultura dos sul-africanos, para repassar para os alunos do nosso munic\u00edpio e ao mesmo tempo \u00a0levar o projeto realizado aqui em Para\u00edso das \u00c1guas para a \u00c1frica\u201d, mencionou o Mestre Pernalonga.<\/p>\n<p>Em sua bagagem, o capoeirista vai levar v\u00eddeos do Projeto implantado aqui em Para\u00edso das \u00c1guas e artesanatos que retratem um pouco da beleza natural do munic\u00edpio.<\/p>\n<p><strong>Projeto:<\/strong> O Projeto \u00a0Na\u00e7\u00e3o Primitiva de Para\u00edso das \u00c1guas faz parte da Secretaria de Educa\u00e7\u00e3o, e teve in\u00edcio no dia 08 de abril de 2013. Atende atualmente mais de 300 alunos, a partir dos tr\u00eas anos de idade. Alguns integrantes do grupo de capoeira j\u00e1 participaram de competi\u00e7\u00f5es nas cidades de Campo Grande, Rio Verde, Chapad\u00e3o do Sul, entre outros. Foi considerado o 3\u00ba melhor grupo de capoeira do Mato Grosso do Sul no \u00a01\u00ba Campeonato Estadual do Estilo Capit\u00e3es de Areia em 2014.<\/p>\n<p><strong>Capoeira na Escola:<\/strong> A capoeira foi \u00a0implantada nas escolas municipais de Para\u00edso das \u00c1guas e no Servi\u00e7o de Conviv\u00eancia, \u00a0como atividade complementar do Projeto Mais Educa\u00e7\u00e3o e engloba oficinas de instrumento, aulas de canto, aulas de instrumenta\u00e7\u00e3o para que ao alunos aprendam a tocar, confec\u00e7\u00e3o de instrumentos, movimenta\u00e7\u00e3o, acrobacia, de capoeira, hist\u00f3ria, educa\u00e7\u00e3o, civismo, entre outros.<\/p>\n<p>O Mestre Pernalonga embarca para a \u00c1frica \u00a0no dia 13 de maio.<\/p>\n<p>&nbsp;<\/p>\n<p>Texto: Daniela Loss\u00e1vero<\/p>\n","protected":false},"excerpt":{"rendered":"<p>A Prefeitura Municipal de Para\u00edso das \u00c1guas ter\u00e1 um representante no \u201c II Festival Internacional \u00a0de Capoeira \u00c2nsia de Liberdade\u201d, que ir\u00e1 realiza-se na cidade de Abidjan, Costa do Marfim na \u00c1frica, entre os dias 14 \u00e0 25 de maio. O mestre de capoeira do munic\u00edpio, Douglas Correa da Silva(Mestre Pernalonga) ser\u00e1 o \u00fanico sul-mato-grossense [&hellip;]<\/p>\n","protected":false},"author":4,"featured_media":26755,"comment_status":"closed","ping_status":"closed","sticky":false,"template":"","format":"standard","meta":{"footnotes":""},"categories":[36],"tags":[],"class_list":["post-26754","post","type-post","status-publish","format-standard","has-post-thumbnail","hentry","category-paraiso-das-aguas"],"_links":{"self":[{"href":"https:\/\/www.ocorreionews.com.br\/acervo-correio\/index.php?rest_route=\/wp\/v2\/posts\/26754","targetHints":{"allow":["GET"]}}],"collection":[{"href":"https:\/\/www.ocorreionews.com.br\/acervo-correio\/index.php?rest_route=\/wp\/v2\/posts"}],"about":[{"href":"https:\/\/www.ocorreionews.com.br\/acervo-correio\/index.php?rest_route=\/wp\/v2\/types\/post"}],"author":[{"embeddable":true,"href":"https:\/\/www.ocorreionews.com.br\/acervo-correio\/index.php?rest_route=\/wp\/v2\/users\/4"}],"replies":[{"embeddable":true,"href":"https:\/\/www.ocorreionews.com.br\/acervo-correio\/index.php?rest_route=%2Fwp%2Fv2%2Fcomments&post=26754"}],"version-history":[{"count":0,"href":"https:\/\/www.ocorreionews.com.br\/acervo-correio\/index.php?rest_route=\/wp\/v2\/posts\/26754\/revisions"}],"wp:featuredmedia":[{"embeddable":true,"href":"https:\/\/www.ocorreionews.com.br\/acervo-correio\/index.php?rest_route=\/wp\/v2\/media\/26755"}],"wp:attachment":[{"href":"https:\/\/www.ocorreionews.com.br\/acervo-correio\/index.php?rest_route=%2Fwp%2Fv2%2Fmedia&parent=26754"}],"wp:term":[{"taxonomy":"category","embeddable":true,"href":"https:\/\/www.ocorreionews.com.br\/acervo-correio\/index.php?rest_route=%2Fwp%2Fv2%2Fcategories&post=26754"},{"taxonomy":"post_tag","embeddable":true,"href":"https:\/\/www.ocorreionews.com.br\/acervo-correio\/index.php?rest_route=%2Fwp%2Fv2%2Ftags&post=26754"}],"curies":[{"name":"wp","href":"https:\/\/api.w.org\/{rel}","templated":true}]}}