{"id":26757,"date":"2016-05-06T08:13:55","date_gmt":"2016-05-06T12:13:55","guid":{"rendered":"https:\/\/ocorreionews.com.br\/?p=26757"},"modified":"2016-05-06T08:13:55","modified_gmt":"2016-05-06T12:13:55","slug":"comunicado-da-famasul-prorrogado-prazo-para-inscricao-do-car","status":"publish","type":"post","link":"https:\/\/www.ocorreionews.com.br\/acervo-correio\/?p=26757","title":{"rendered":"Comunicado da Famasul &#8211; Prorrogado prazo para inscri\u00e7\u00e3o do CAR"},"content":{"rendered":"<p style=\"text-align: justify;\">Of. Circ. Famasul N\u00ba 146\/2016 \u2013 Presid\u00eancia.<\/p>\n<p style=\"text-align: justify;\">Campo Grande\/MS, 05 de maio de 2016.<\/p>\n<p style=\"text-align: justify;\">A (o) s Senhor (a) s Presidentes dos Sindicatos Rurais de Mato Grosso do Sul<br \/>\nAssunto: Prorroga\u00e7\u00e3o do Cadastro Ambiental Rural (CAR) para os pequenos Produtores Rurais.<br \/>\nSenhor (a) Presidente,<\/p>\n<p style=\"text-align: justify;\">Servimo-nos do presente Of\u00edcio para informar Vossa Senhoria sobre a Medida Provis\u00f3ria n\u00ba 724, de 4 de maio de 2016, publicado hoje (05\/05) no Di\u00e1rio Oficial da Uni\u00e3o \u2013 Se\u00e7\u00e3o 1 n\u00ba 85, no qual estende para o dia 05 de maio de 2017 o prazo para inscri\u00e7\u00e3o no CAR e para ades\u00e3o ao Programa de Regulariza\u00e7\u00e3o Ambiental, para os pequenos propriet\u00e1rios, isto \u00e9, menor ou igual a quatro (04) m\u00f3dulos fiscais, conforme tabela anexa.<\/p>\n<p style=\"text-align: justify;\">Informamos, ainda, que os pequenos propriet\u00e1rios rurais poder\u00e3o procurar a Ag\u00eancia de Desenvolvimento Agr\u00e1rio e Extens\u00e3o Rural &#8211; AGRAER do seu munic\u00edpio para requerer a sua inscri\u00e7\u00e3o no CAR. Contudo, vale ressaltar que o prazo para inscri\u00e7\u00e3o no CAR para os demais produtores rurais continua no dia 05 de maio de 2016.<\/p>\n<p style=\"text-align: justify;\">Na oportunidade, solicitamos o apoio desse Sindicato Rural no sentido de divulgar a referida informa\u00e7\u00e3o aos produtores rurais e escrit\u00f3rios cont\u00e1beis de seu munic\u00edpio e regi\u00e3o.<br \/>\nEventuais d\u00favidas, ficaremos \u00e0 disposi\u00e7\u00e3o atrav\u00e9s do telefone da Unidade T\u00e9cnica, (67) 3320-6923, bem como pelo e-mail daniele@senarms.org.br.<\/p>\n<p style=\"text-align: justify;\">Atenciosamente,<\/p>\n<p style=\"text-align: justify;\">Maur\u00edcio Koji Saito<br \/>\nPresidente<\/p>\n","protected":false},"excerpt":{"rendered":"<p>Of. Circ. Famasul N\u00ba 146\/2016 \u2013 Presid\u00eancia. Campo Grande\/MS, 05 de maio de 2016. A (o) s Senhor (a) s Presidentes dos Sindicatos Rurais de Mato Grosso do Sul Assunto: Prorroga\u00e7\u00e3o do Cadastro Ambiental Rural (CAR) para os pequenos Produtores Rurais. Senhor (a) Presidente, Servimo-nos do presente Of\u00edcio para informar Vossa Senhoria sobre a Medida [&hellip;]<\/p>\n","protected":false},"author":4,"featured_media":19202,"comment_status":"closed","ping_status":"closed","sticky":false,"template":"","format":"standard","meta":{"footnotes":""},"categories":[17],"tags":[],"class_list":["post-26757","post","type-post","status-publish","format-standard","has-post-thumbnail","hentry","category-agropecuaria"],"_links":{"self":[{"href":"https:\/\/www.ocorreionews.com.br\/acervo-correio\/index.php?rest_route=\/wp\/v2\/posts\/26757","targetHints":{"allow":["GET"]}}],"collection":[{"href":"https:\/\/www.ocorreionews.com.br\/acervo-correio\/index.php?rest_route=\/wp\/v2\/posts"}],"about":[{"href":"https:\/\/www.ocorreionews.com.br\/acervo-correio\/index.php?rest_route=\/wp\/v2\/types\/post"}],"author":[{"embeddable":true,"href":"https:\/\/www.ocorreionews.com.br\/acervo-correio\/index.php?rest_route=\/wp\/v2\/users\/4"}],"replies":[{"embeddable":true,"href":"https:\/\/www.ocorreionews.com.br\/acervo-correio\/index.php?rest_route=%2Fwp%2Fv2%2Fcomments&post=26757"}],"version-history":[{"count":0,"href":"https:\/\/www.ocorreionews.com.br\/acervo-correio\/index.php?rest_route=\/wp\/v2\/posts\/26757\/revisions"}],"wp:featuredmedia":[{"embeddable":true,"href":"https:\/\/www.ocorreionews.com.br\/acervo-correio\/index.php?rest_route=\/wp\/v2\/media\/19202"}],"wp:attachment":[{"href":"https:\/\/www.ocorreionews.com.br\/acervo-correio\/index.php?rest_route=%2Fwp%2Fv2%2Fmedia&parent=26757"}],"wp:term":[{"taxonomy":"category","embeddable":true,"href":"https:\/\/www.ocorreionews.com.br\/acervo-correio\/index.php?rest_route=%2Fwp%2Fv2%2Fcategories&post=26757"},{"taxonomy":"post_tag","embeddable":true,"href":"https:\/\/www.ocorreionews.com.br\/acervo-correio\/index.php?rest_route=%2Fwp%2Fv2%2Ftags&post=26757"}],"curies":[{"name":"wp","href":"https:\/\/api.w.org\/{rel}","templated":true}]}}