{"id":26759,"date":"2016-05-06T09:19:36","date_gmt":"2016-05-06T13:19:36","guid":{"rendered":"https:\/\/ocorreionews.com.br\/?p=26759"},"modified":"2016-05-07T04:53:02","modified_gmt":"2016-05-07T08:53:02","slug":"comeca-hoje-a-3a-festa-da-colheita-de-bela-alvorada","status":"publish","type":"post","link":"https:\/\/www.ocorreionews.com.br\/acervo-correio\/?p=26759","title":{"rendered":"Come\u00e7a hoje a 3\u00aa Festa da Colheita de Bela Alvorada"},"content":{"rendered":"<p>Inicia hoje uma das melhores festas da regi\u00e3o e que se tornou tradi\u00e7\u00e3o, a 3\u00aa Festa da Colheita de Bela Alvorada e Festa de Nossa Senhora de F\u00e1tima. O evento conta com muita anima\u00e7\u00e3o e uma grande variedades em alimentos que s\u00e3o uma verdadeira del\u00edcia.<\/p>\n<div><\/div>\n<div>Com a uni\u00e3o da comunidade local, o evento \u00e9 sempre um grande sucesso. Al\u00e9m do sal\u00e3o amplo rec\u00e9m constru\u00eddo pela comunidade de Bela Alvorada, para a realiza\u00e7\u00e3o do evento, o empenho da equipe de organiza\u00e7\u00e3o \u00e9 incr\u00edvel.<\/div>\n<div><\/div>\n<div>A ENTRADA \u00c9 FRANCA.<\/div>\n<div><\/div>\n<div>Confira a programa\u00e7\u00e3o:<\/div>\n<div><\/div>\n<div><b>06\/05 &#8211; SEXTA<\/b><\/div>\n<div>19h &#8211; Pastelada<\/div>\n<div><\/div>\n<div><b>07\/05 &#8211; S\u00c1BADO<\/b><\/div>\n<div>19h &#8211; SANTA MISSA<\/div>\n<div>20h &#8211; QUERMESSE\/BAILE COM O GRUPO Z\u00cdNGARO<\/div>\n<div><\/div>\n<div><b>08\/05 &#8211; DOMINGO<\/b><\/div>\n<div>10h &#8211; MISSA SERTANEJA<\/div>\n<div>11h &#8211; ALMO\u00c7O\/CHURRASCO COMPLETO E BINGO<\/div>\n<div><i><b>Ingresso do almo\u00e7o \u00e0 somente R$ 15,00<\/b><\/i><\/div>\n<div><\/div>\n<div><b>\u00a0Bela Alvorada fica distante 30 Km de Para\u00edso das \u00c1guas, na rodovia BR 060. Entre Para\u00edso das \u00c1guas e Camapu\u00e3.<\/b><\/div>\n<div><\/div>\n<div><a href=\"https:\/\/ocorreionews.com.br\/wp-content\/uploads\/2016\/05\/festa-da-colheita.jpg\"><img loading=\"lazy\" decoding=\"async\" class=\"alignnone wp-image-26760 size-full\" src=\"https:\/\/ocorreionews.com.br\/wp-content\/uploads\/2016\/05\/festa-da-colheita.jpg\" alt=\"festa da colheita\" width=\"500\" height=\"695\" srcset=\"https:\/\/www.ocorreionews.com.br\/acervo-correio\/wp-content\/uploads\/2016\/05\/festa-da-colheita.jpg 500w, https:\/\/www.ocorreionews.com.br\/acervo-correio\/wp-content\/uploads\/2016\/05\/festa-da-colheita-216x300.jpg 216w\" sizes=\"auto, (max-width: 500px) 100vw, 500px\" \/><\/a><\/div>\n<div><\/div>\n<p>Brito News<\/p>\n","protected":false},"excerpt":{"rendered":"<p>Inicia hoje uma das melhores festas da regi\u00e3o e que se tornou tradi\u00e7\u00e3o, a 3\u00aa Festa da Colheita de Bela Alvorada e Festa de Nossa Senhora de F\u00e1tima. O evento conta com muita anima\u00e7\u00e3o e uma grande variedades em alimentos que s\u00e3o uma verdadeira del\u00edcia. Com a uni\u00e3o da comunidade local, o evento \u00e9 sempre [&hellip;]<\/p>\n","protected":false},"author":4,"featured_media":26761,"comment_status":"closed","ping_status":"closed","sticky":false,"template":"","format":"standard","meta":{"footnotes":""},"categories":[36],"tags":[],"class_list":["post-26759","post","type-post","status-publish","format-standard","has-post-thumbnail","hentry","category-paraiso-das-aguas"],"_links":{"self":[{"href":"https:\/\/www.ocorreionews.com.br\/acervo-correio\/index.php?rest_route=\/wp\/v2\/posts\/26759","targetHints":{"allow":["GET"]}}],"collection":[{"href":"https:\/\/www.ocorreionews.com.br\/acervo-correio\/index.php?rest_route=\/wp\/v2\/posts"}],"about":[{"href":"https:\/\/www.ocorreionews.com.br\/acervo-correio\/index.php?rest_route=\/wp\/v2\/types\/post"}],"author":[{"embeddable":true,"href":"https:\/\/www.ocorreionews.com.br\/acervo-correio\/index.php?rest_route=\/wp\/v2\/users\/4"}],"replies":[{"embeddable":true,"href":"https:\/\/www.ocorreionews.com.br\/acervo-correio\/index.php?rest_route=%2Fwp%2Fv2%2Fcomments&post=26759"}],"version-history":[{"count":0,"href":"https:\/\/www.ocorreionews.com.br\/acervo-correio\/index.php?rest_route=\/wp\/v2\/posts\/26759\/revisions"}],"wp:featuredmedia":[{"embeddable":true,"href":"https:\/\/www.ocorreionews.com.br\/acervo-correio\/index.php?rest_route=\/wp\/v2\/media\/26761"}],"wp:attachment":[{"href":"https:\/\/www.ocorreionews.com.br\/acervo-correio\/index.php?rest_route=%2Fwp%2Fv2%2Fmedia&parent=26759"}],"wp:term":[{"taxonomy":"category","embeddable":true,"href":"https:\/\/www.ocorreionews.com.br\/acervo-correio\/index.php?rest_route=%2Fwp%2Fv2%2Fcategories&post=26759"},{"taxonomy":"post_tag","embeddable":true,"href":"https:\/\/www.ocorreionews.com.br\/acervo-correio\/index.php?rest_route=%2Fwp%2Fv2%2Ftags&post=26759"}],"curies":[{"name":"wp","href":"https:\/\/api.w.org\/{rel}","templated":true}]}}