{"id":2732,"date":"2015-06-02T07:08:42","date_gmt":"2015-06-02T11:08:42","guid":{"rendered":"https:\/\/ocorreionews.com.br\/?p=2732"},"modified":"2015-06-02T07:08:42","modified_gmt":"2015-06-02T11:08:42","slug":"42a-festa-de-santo-antonio-comeca-nesta-terca-feira-02-em-costa-rica","status":"publish","type":"post","link":"https:\/\/www.ocorreionews.com.br\/acervo-correio\/?p=2732","title":{"rendered":"42\u00aa Festa de Santo Ant\u00f4nio come\u00e7a nesta ter\u00e7a-feira (02), em Costa Rica"},"content":{"rendered":"<div>A cidade de Costa Rica &#8211; MS j\u00e1 vive o clima da Festa de Santo Ant\u00f4nio, que ser\u00e1 aberta oficialmente nesta ter\u00e7a-feira (02).<\/div>\n<div><\/div>\n<div>A tradicional festa em homenagem a Santo Ant\u00f4nio, padroeiro de Costa Rica, ter\u00e1 in\u00edcio a partir das 18h00 com uma carreta de abertura (sa\u00edda em frente a Igreja Matriz).<\/div>\n<div><\/div>\n<div>A 42\u00aa Festa de Santo Ant\u00f4nio ser\u00e1 realizada no per\u00edodo de 02 a 14 de junho, na Pra\u00e7a Central Manoel Romualdo Gon\u00e7alves com entrada franca.<\/div>\n<div><\/div>\n<div>Missa, quermesse todos os dias (exceto dia 14\/06) com comidas t\u00edpicas, bebidas e brincadeiras, festival de m\u00fasica, leil\u00e3o e shows est\u00e3o previstos na programa\u00e7\u00e3o.<\/div>\n<div><\/div>\n<div>\u201cTodos os anos temos uma festa com a popula\u00e7\u00e3o bem participativa. Por\u00e9m, a cada edi\u00e7\u00e3o estamos ganhando mais qualidade e organiza\u00e7\u00e3o. Tudo isso vem sendo comentado e muito elogiado pelo p\u00fablico\u201d, destacou o padre Wilkison Mendes.<\/div>\n<div><\/div>\n<div>O evento \u00e9 uma realiza\u00e7\u00e3o da Par\u00f3quia Santo Ant\u00f4nio de P\u00e1dua com apoio Prefeitura e C\u00e2mara de Vereadores de Costa Rica.<\/div>\n","protected":false},"excerpt":{"rendered":"<p>A cidade de Costa Rica &#8211; MS j\u00e1 vive o clima da Festa de Santo Ant\u00f4nio, que ser\u00e1 aberta oficialmente nesta ter\u00e7a-feira (02). A tradicional festa em homenagem a Santo Ant\u00f4nio, padroeiro de Costa Rica, ter\u00e1 in\u00edcio a partir das 18h00 com uma carreta de abertura (sa\u00edda em frente a Igreja Matriz). A 42\u00aa Festa [&hellip;]<\/p>\n","protected":false},"author":4,"featured_media":2733,"comment_status":"closed","ping_status":"closed","sticky":false,"template":"","format":"standard","meta":{"footnotes":""},"categories":[25],"tags":[],"class_list":["post-2732","post","type-post","status-publish","format-standard","has-post-thumbnail","hentry","category-costa-rica"],"_links":{"self":[{"href":"https:\/\/www.ocorreionews.com.br\/acervo-correio\/index.php?rest_route=\/wp\/v2\/posts\/2732","targetHints":{"allow":["GET"]}}],"collection":[{"href":"https:\/\/www.ocorreionews.com.br\/acervo-correio\/index.php?rest_route=\/wp\/v2\/posts"}],"about":[{"href":"https:\/\/www.ocorreionews.com.br\/acervo-correio\/index.php?rest_route=\/wp\/v2\/types\/post"}],"author":[{"embeddable":true,"href":"https:\/\/www.ocorreionews.com.br\/acervo-correio\/index.php?rest_route=\/wp\/v2\/users\/4"}],"replies":[{"embeddable":true,"href":"https:\/\/www.ocorreionews.com.br\/acervo-correio\/index.php?rest_route=%2Fwp%2Fv2%2Fcomments&post=2732"}],"version-history":[{"count":0,"href":"https:\/\/www.ocorreionews.com.br\/acervo-correio\/index.php?rest_route=\/wp\/v2\/posts\/2732\/revisions"}],"wp:featuredmedia":[{"embeddable":true,"href":"https:\/\/www.ocorreionews.com.br\/acervo-correio\/index.php?rest_route=\/wp\/v2\/media\/2733"}],"wp:attachment":[{"href":"https:\/\/www.ocorreionews.com.br\/acervo-correio\/index.php?rest_route=%2Fwp%2Fv2%2Fmedia&parent=2732"}],"wp:term":[{"taxonomy":"category","embeddable":true,"href":"https:\/\/www.ocorreionews.com.br\/acervo-correio\/index.php?rest_route=%2Fwp%2Fv2%2Fcategories&post=2732"},{"taxonomy":"post_tag","embeddable":true,"href":"https:\/\/www.ocorreionews.com.br\/acervo-correio\/index.php?rest_route=%2Fwp%2Fv2%2Ftags&post=2732"}],"curies":[{"name":"wp","href":"https:\/\/api.w.org\/{rel}","templated":true}]}}