{"id":27374,"date":"2016-05-12T14:36:22","date_gmt":"2016-05-12T18:36:22","guid":{"rendered":"https:\/\/ocorreionews.com.br\/?p=27374"},"modified":"2016-05-12T14:36:22","modified_gmt":"2016-05-12T18:36:22","slug":"vereador-chico-da-agenfa-defende-comercio-local","status":"publish","type":"post","link":"https:\/\/www.ocorreionews.com.br\/acervo-correio\/?p=27374","title":{"rendered":"Vereador Chico da Agenfa defende com\u00e9rcio local"},"content":{"rendered":"<p>Preocupado com a atual crise econ\u00f4mica e seus reflexos na economia local, o Vereador Francisco Ronildo Galdino (PP), em tribuna durante os trabalhos do Poder Legislativo, dia 09 de maio\/16, defendeu os comerciantes locais que sofrem com a situa\u00e7\u00e3o econ\u00f4mica para manter suas atividades e s\u00e3o prejudicados por comerciantes que ficam no munic\u00edpio comercializando mercadorias com qualidade inferior, sem estrutura e comprometimento com a economia local.<\/p>\n<p>&#8211; Minha esposa \u00e9 comerciante e sei as dificuldades que enfrentamos, s\u00e3o in\u00fameras taxas, impostos, pagamento de funcion\u00e1rio, aluguel, entre outros. O com\u00e9rcio emprega e movimenta a economia do munic\u00edpio gerando empregos e renda, ao contr\u00e1rio destes vendedores que v\u00eam para o munic\u00edpio apenas alguns dias por m\u00eas levar o nosso dinheiro. Citou Chico da Agenfa.<\/p>\n<p>Salientou ainda que comprando a vista como acontece na Feira de Goi\u00e2nia e demais ambulantes o consumidor consegue produtos de melhor qualidade a pre\u00e7os compat\u00edveis com a referida feira.<\/p>\n<p>C\u00e2mara Municipal<\/p>\n","protected":false},"excerpt":{"rendered":"<p>Preocupado com a atual crise econ\u00f4mica e seus reflexos na economia local, o Vereador Francisco Ronildo Galdino (PP), em tribuna durante os trabalhos do Poder Legislativo, dia 09 de maio\/16, defendeu os comerciantes locais que sofrem com a situa\u00e7\u00e3o econ\u00f4mica para manter suas atividades e s\u00e3o prejudicados por comerciantes que ficam no munic\u00edpio comercializando mercadorias [&hellip;]<\/p>\n","protected":false},"author":4,"featured_media":27375,"comment_status":"closed","ping_status":"closed","sticky":false,"template":"","format":"standard","meta":{"footnotes":""},"categories":[22],"tags":[],"class_list":["post-27374","post","type-post","status-publish","format-standard","has-post-thumbnail","hentry","category-chapadao-do-ceu"],"_links":{"self":[{"href":"https:\/\/www.ocorreionews.com.br\/acervo-correio\/index.php?rest_route=\/wp\/v2\/posts\/27374","targetHints":{"allow":["GET"]}}],"collection":[{"href":"https:\/\/www.ocorreionews.com.br\/acervo-correio\/index.php?rest_route=\/wp\/v2\/posts"}],"about":[{"href":"https:\/\/www.ocorreionews.com.br\/acervo-correio\/index.php?rest_route=\/wp\/v2\/types\/post"}],"author":[{"embeddable":true,"href":"https:\/\/www.ocorreionews.com.br\/acervo-correio\/index.php?rest_route=\/wp\/v2\/users\/4"}],"replies":[{"embeddable":true,"href":"https:\/\/www.ocorreionews.com.br\/acervo-correio\/index.php?rest_route=%2Fwp%2Fv2%2Fcomments&post=27374"}],"version-history":[{"count":0,"href":"https:\/\/www.ocorreionews.com.br\/acervo-correio\/index.php?rest_route=\/wp\/v2\/posts\/27374\/revisions"}],"wp:featuredmedia":[{"embeddable":true,"href":"https:\/\/www.ocorreionews.com.br\/acervo-correio\/index.php?rest_route=\/wp\/v2\/media\/27375"}],"wp:attachment":[{"href":"https:\/\/www.ocorreionews.com.br\/acervo-correio\/index.php?rest_route=%2Fwp%2Fv2%2Fmedia&parent=27374"}],"wp:term":[{"taxonomy":"category","embeddable":true,"href":"https:\/\/www.ocorreionews.com.br\/acervo-correio\/index.php?rest_route=%2Fwp%2Fv2%2Fcategories&post=27374"},{"taxonomy":"post_tag","embeddable":true,"href":"https:\/\/www.ocorreionews.com.br\/acervo-correio\/index.php?rest_route=%2Fwp%2Fv2%2Ftags&post=27374"}],"curies":[{"name":"wp","href":"https:\/\/api.w.org\/{rel}","templated":true}]}}