{"id":27377,"date":"2016-05-12T14:38:38","date_gmt":"2016-05-12T18:38:38","guid":{"rendered":"https:\/\/ocorreionews.com.br\/?p=27377"},"modified":"2016-05-12T14:38:38","modified_gmt":"2016-05-12T18:38:38","slug":"vereador-paulo-sergio-de-padua-pede-igualdade-de-criterios-para-feira-de-goiania","status":"publish","type":"post","link":"https:\/\/www.ocorreionews.com.br\/acervo-correio\/?p=27377","title":{"rendered":"Vereador Paulo S\u00e9rgio de P\u00e1dua pede igualdade de crit\u00e9rios para Feira de Goi\u00e2nia"},"content":{"rendered":"<p style=\"text-align: justify;\">Como defensor do com\u00e9rcio local e tendo como uma de suas bandeiras a gera\u00e7\u00e3o de emprego e renda em Chapad\u00e3o do C\u00e9u, o Vereador Paulo S\u00e9rgio A. de P\u00e1dua (PTB), durante a Sess\u00e3o Ordin\u00e1ria realizada dia 09 de maio\/16, pediu que as exig\u00eancias feitas aos comerciantes locais, sejam aplicadas em rela\u00e7\u00e3o a vendedores ambulantes e principalmente a Feira de Goi\u00e2nia.<\/p>\n<p style=\"text-align: justify;\">&#8211; Passando pelo local onde a Feira de Goi\u00e2nia est\u00e1 instalada, pude constatar que a mesma n\u00e3o possui as m\u00ednimas condi\u00e7\u00f5es de infraestrutura para funcionamento, que s\u00e3o: banheiros, extintores, entre outros. Citou Paulinho<\/p>\n<p style=\"text-align: justify;\">Lembrou o Vereador Paulinho que at\u00e9 mesmo o provador que \u00e9 o m\u00ednimo que o consumidor precisa para experimentar o produto antes de comprar \u00e9 improvisado, alvar\u00e1 da Vigil\u00e2ncia Sanit\u00e1ria e Corpo de Bombeiros tamb\u00e9m n\u00e3o s\u00e3o exigidos.<\/p>\n<p style=\"text-align: justify;\">&#8211; N\u00e3o sou contra a Feira de Goi\u00e2nia, por\u00e9m precisamos colocar alguns pontos na Lei que exija condi\u00e7\u00f5es adequadas para atender os seus clientes. Os comerciantes instalados no munic\u00edpio investem em qualidade de atendimento e se n\u00e3o exigirmos isso da feirinha estaremos usando crit\u00e9rios diferentes para a venda de produtos do mesmo segmento. Esta concorr\u00eancia se torna desleal com nossos comerciantes. Destacou Paulinho.<\/p>\n<p style=\"text-align: justify;\">Finalizou parabenizando a Par\u00f3quia Nossa Senhora Rainha do C\u00e9u pela Festa de Padroeira, em especial ao Padre Jac\u00f3 que vem desenvolvendo um belo trabalho no mun\u00edcipio.<\/p>\n<p style=\"text-align: justify;\">C\u00e2mara Municipal<\/p>\n","protected":false},"excerpt":{"rendered":"<p>Como defensor do com\u00e9rcio local e tendo como uma de suas bandeiras a gera\u00e7\u00e3o de emprego e renda em Chapad\u00e3o do C\u00e9u, o Vereador Paulo S\u00e9rgio A. de P\u00e1dua (PTB), durante a Sess\u00e3o Ordin\u00e1ria realizada dia 09 de maio\/16, pediu que as exig\u00eancias feitas aos comerciantes locais, sejam aplicadas em rela\u00e7\u00e3o a vendedores ambulantes e [&hellip;]<\/p>\n","protected":false},"author":4,"featured_media":27378,"comment_status":"closed","ping_status":"closed","sticky":false,"template":"","format":"standard","meta":{"footnotes":""},"categories":[20,22],"tags":[],"class_list":["post-27377","post","type-post","status-publish","format-standard","has-post-thumbnail","hentry","category-camara-municipal","category-chapadao-do-ceu"],"_links":{"self":[{"href":"https:\/\/www.ocorreionews.com.br\/acervo-correio\/index.php?rest_route=\/wp\/v2\/posts\/27377","targetHints":{"allow":["GET"]}}],"collection":[{"href":"https:\/\/www.ocorreionews.com.br\/acervo-correio\/index.php?rest_route=\/wp\/v2\/posts"}],"about":[{"href":"https:\/\/www.ocorreionews.com.br\/acervo-correio\/index.php?rest_route=\/wp\/v2\/types\/post"}],"author":[{"embeddable":true,"href":"https:\/\/www.ocorreionews.com.br\/acervo-correio\/index.php?rest_route=\/wp\/v2\/users\/4"}],"replies":[{"embeddable":true,"href":"https:\/\/www.ocorreionews.com.br\/acervo-correio\/index.php?rest_route=%2Fwp%2Fv2%2Fcomments&post=27377"}],"version-history":[{"count":0,"href":"https:\/\/www.ocorreionews.com.br\/acervo-correio\/index.php?rest_route=\/wp\/v2\/posts\/27377\/revisions"}],"wp:featuredmedia":[{"embeddable":true,"href":"https:\/\/www.ocorreionews.com.br\/acervo-correio\/index.php?rest_route=\/wp\/v2\/media\/27378"}],"wp:attachment":[{"href":"https:\/\/www.ocorreionews.com.br\/acervo-correio\/index.php?rest_route=%2Fwp%2Fv2%2Fmedia&parent=27377"}],"wp:term":[{"taxonomy":"category","embeddable":true,"href":"https:\/\/www.ocorreionews.com.br\/acervo-correio\/index.php?rest_route=%2Fwp%2Fv2%2Fcategories&post=27377"},{"taxonomy":"post_tag","embeddable":true,"href":"https:\/\/www.ocorreionews.com.br\/acervo-correio\/index.php?rest_route=%2Fwp%2Fv2%2Ftags&post=27377"}],"curies":[{"name":"wp","href":"https:\/\/api.w.org\/{rel}","templated":true}]}}