{"id":27386,"date":"2016-05-12T14:54:04","date_gmt":"2016-05-12T18:54:04","guid":{"rendered":"https:\/\/ocorreionews.com.br\/?p=27386"},"modified":"2016-05-12T14:54:15","modified_gmt":"2016-05-12T18:54:15","slug":"vitima-do-acidente-da-ms-306-ja-morou-em-chapadao-do-sul","status":"publish","type":"post","link":"https:\/\/www.ocorreionews.com.br\/acervo-correio\/?p=27386","title":{"rendered":"V\u00edtima do acidente da MS 306 j\u00e1 morou em Chapad\u00e3o do Sul"},"content":{"rendered":"<p>A v\u00edtima fatal do acidente ocorrido na Vaca Parida na tarde de quarta-feira, na MS-306. Osvaldo Sam Marcos (careca), j\u00e1 morou em Chapad\u00e3o do Sul, por cerca de 18 anos, onde trabalha como com\u00e9rcio.<\/p>\n<p>Ultimamente estava em Alto Taquari \u2013 MT, para onde estava se dirigindo ontem.<\/p>\n<p>O Corpo de Careca, foi translado para a cidade de Santa F\u00e9 do Sul, onde ser\u00e1 sepultado nesta tarde<\/p>\n<p>&nbsp;<\/p>\n","protected":false},"excerpt":{"rendered":"<p>A v\u00edtima fatal do acidente ocorrido na Vaca Parida na tarde de quarta-feira, na MS-306. Osvaldo Sam Marcos (careca), j\u00e1 morou em Chapad\u00e3o do Sul, por cerca de 18 anos, onde trabalha como com\u00e9rcio. Ultimamente estava em Alto Taquari \u2013 MT, para onde estava se dirigindo ontem. O Corpo de Careca, foi translado para a [&hellip;]<\/p>\n","protected":false},"author":4,"featured_media":27383,"comment_status":"closed","ping_status":"closed","sticky":false,"template":"","format":"standard","meta":{"footnotes":""},"categories":[23],"tags":[],"class_list":["post-27386","post","type-post","status-publish","format-standard","has-post-thumbnail","hentry","category-chapadao-do-sul"],"_links":{"self":[{"href":"https:\/\/www.ocorreionews.com.br\/acervo-correio\/index.php?rest_route=\/wp\/v2\/posts\/27386","targetHints":{"allow":["GET"]}}],"collection":[{"href":"https:\/\/www.ocorreionews.com.br\/acervo-correio\/index.php?rest_route=\/wp\/v2\/posts"}],"about":[{"href":"https:\/\/www.ocorreionews.com.br\/acervo-correio\/index.php?rest_route=\/wp\/v2\/types\/post"}],"author":[{"embeddable":true,"href":"https:\/\/www.ocorreionews.com.br\/acervo-correio\/index.php?rest_route=\/wp\/v2\/users\/4"}],"replies":[{"embeddable":true,"href":"https:\/\/www.ocorreionews.com.br\/acervo-correio\/index.php?rest_route=%2Fwp%2Fv2%2Fcomments&post=27386"}],"version-history":[{"count":0,"href":"https:\/\/www.ocorreionews.com.br\/acervo-correio\/index.php?rest_route=\/wp\/v2\/posts\/27386\/revisions"}],"wp:featuredmedia":[{"embeddable":true,"href":"https:\/\/www.ocorreionews.com.br\/acervo-correio\/index.php?rest_route=\/wp\/v2\/media\/27383"}],"wp:attachment":[{"href":"https:\/\/www.ocorreionews.com.br\/acervo-correio\/index.php?rest_route=%2Fwp%2Fv2%2Fmedia&parent=27386"}],"wp:term":[{"taxonomy":"category","embeddable":true,"href":"https:\/\/www.ocorreionews.com.br\/acervo-correio\/index.php?rest_route=%2Fwp%2Fv2%2Fcategories&post=27386"},{"taxonomy":"post_tag","embeddable":true,"href":"https:\/\/www.ocorreionews.com.br\/acervo-correio\/index.php?rest_route=%2Fwp%2Fv2%2Ftags&post=27386"}],"curies":[{"name":"wp","href":"https:\/\/api.w.org\/{rel}","templated":true}]}}