{"id":27392,"date":"2016-05-12T21:00:41","date_gmt":"2016-05-13T01:00:41","guid":{"rendered":"https:\/\/ocorreionews.com.br\/?p=27392"},"modified":"2016-05-13T08:03:26","modified_gmt":"2016-05-13T12:03:26","slug":"familia-que-seguia-carro-funerario-com-corpo-de-homem-que-caiu-de-arvore-sofre-grave-acidente-na-ms-320","status":"publish","type":"post","link":"https:\/\/www.ocorreionews.com.br\/acervo-correio\/?p=27392","title":{"rendered":"Fam\u00edlia que seguia carro funer\u00e1rio com corpo de homem que caiu de \u00e1rvore sofre grave acidente na MS 320"},"content":{"rendered":"<p style=\"text-align: justify;\">\n<div style=\"text-align: justify;\">\n<p>Por volta das 05h30, desta quinta-feira (11), na rodovia MS 320, na altura do KM 77, pr\u00f3ximo ao Batu\u00edra II, no distrito de Pouso Alto, munic\u00edpio de Para\u00edso das \u00c1guas (MS), um ve\u00edculo Chevrolet S-10, de cor cinza, com placas de Tr\u00eas Lagoas (MS), capotou com seis pessoas, que ficaram feridas.<\/p>\n<p>&nbsp;<\/p>\n<p>No ve\u00edculo estava a fam\u00edlia de Odair Batista Duarte, que morreu nesta quarta-feira (10), em uma fazenda no distrito de Pouso Alto, ap\u00f3s cair de uma \u00e1rvore. Entre as vitimas do acidente estavam a esposa, filhos e genro de Odair, que estiveram em Para\u00edso das \u00c1guas para a libera\u00e7\u00e3o de seu corpo e acompanhavam o carro funer\u00e1ro da Britopax que transladava o corpo de Odair at\u00e9 o munic\u00edpio de Tr\u00eas Lagoas para o vel\u00f3rio e sepultamento.<\/p>\n<p>&nbsp;<\/p>\n<p>Acredita-se que o motorista tenha dormido ao volante e perdido o controle do ve\u00edculo.<\/p>\n<p>&nbsp;<\/p>\n<p>As vitimas foram socorridas pela equipe de sa\u00fade de Pouso Alto e conduzidos ao Posto de Sa\u00fade de Para\u00edso das \u00c1guas onde receberam atendimento m\u00e9dico e em seguoda encaminhadas \u00e0 Funda\u00e7\u00e3o Hospitalarde Costa Rica ( MS), distante 120 Km de Para\u00edso das \u00c1guas.<\/p>\n<p>&nbsp;<\/p>\n<p>De acodo com informa\u00e7\u00f5es apuradas pelo Brito News, somente uma das vitimas continua internada em Costa Rica e ser\u00e1 submetida \u00e0 uma cirurgia no abd\u00f4men.<\/p>\n<p>&nbsp;<\/p>\n<p>As demais vitimas, familiares de Odair j\u00e1 seguiram para o vel\u00f3rio e acompanhar\u00e1 o seu sepultamento na manh\u00e3 desta sexta-feira (13), no cemit\u00e9rio municipal de Tr\u00eas Lagoas.<\/p>\n<p>&nbsp;<\/p>\n<\/div>\n<div style=\"text-align: justify;\"><span style=\"font-family: verdana; font-size: small;\">Mat\u00e9ria relacionada:<\/span><\/div>\n<div style=\"text-align: justify;\"><span style=\"font-family: verdana; font-size: small;\"><a title=\"\" href=\"https:\/\/ocorreionews.com.br\/2016\/05\/12\/homem-morre-ao-cair-de-arvore-em-fazenda-no-pouso-alto\/\" target=\"\"><b>Homem de 52 morre ao cair de \u00e1rvore em fazenda no Pouso Alto<\/b><\/a><\/span><\/div>\n<div style=\"text-align: justify;\"><\/div>\n<div style=\"text-align: justify;\">BritoNews<\/div>\n<div><\/div>\n","protected":false},"excerpt":{"rendered":"<p>Por volta das 05h30, desta quinta-feira (11), na rodovia MS 320, na altura do KM 77, pr\u00f3ximo ao Batu\u00edra II, no distrito de Pouso Alto, munic\u00edpio de Para\u00edso das \u00c1guas (MS), um ve\u00edculo Chevrolet S-10, de cor cinza, com placas de Tr\u00eas Lagoas (MS), capotou com seis pessoas, que ficaram feridas. &nbsp; No ve\u00edculo estava [&hellip;]<\/p>\n","protected":false},"author":4,"featured_media":27393,"comment_status":"closed","ping_status":"closed","sticky":false,"template":"","format":"standard","meta":{"footnotes":""},"categories":[36],"tags":[],"class_list":["post-27392","post","type-post","status-publish","format-standard","has-post-thumbnail","hentry","category-paraiso-das-aguas"],"_links":{"self":[{"href":"https:\/\/www.ocorreionews.com.br\/acervo-correio\/index.php?rest_route=\/wp\/v2\/posts\/27392","targetHints":{"allow":["GET"]}}],"collection":[{"href":"https:\/\/www.ocorreionews.com.br\/acervo-correio\/index.php?rest_route=\/wp\/v2\/posts"}],"about":[{"href":"https:\/\/www.ocorreionews.com.br\/acervo-correio\/index.php?rest_route=\/wp\/v2\/types\/post"}],"author":[{"embeddable":true,"href":"https:\/\/www.ocorreionews.com.br\/acervo-correio\/index.php?rest_route=\/wp\/v2\/users\/4"}],"replies":[{"embeddable":true,"href":"https:\/\/www.ocorreionews.com.br\/acervo-correio\/index.php?rest_route=%2Fwp%2Fv2%2Fcomments&post=27392"}],"version-history":[{"count":0,"href":"https:\/\/www.ocorreionews.com.br\/acervo-correio\/index.php?rest_route=\/wp\/v2\/posts\/27392\/revisions"}],"wp:featuredmedia":[{"embeddable":true,"href":"https:\/\/www.ocorreionews.com.br\/acervo-correio\/index.php?rest_route=\/wp\/v2\/media\/27393"}],"wp:attachment":[{"href":"https:\/\/www.ocorreionews.com.br\/acervo-correio\/index.php?rest_route=%2Fwp%2Fv2%2Fmedia&parent=27392"}],"wp:term":[{"taxonomy":"category","embeddable":true,"href":"https:\/\/www.ocorreionews.com.br\/acervo-correio\/index.php?rest_route=%2Fwp%2Fv2%2Fcategories&post=27392"},{"taxonomy":"post_tag","embeddable":true,"href":"https:\/\/www.ocorreionews.com.br\/acervo-correio\/index.php?rest_route=%2Fwp%2Fv2%2Ftags&post=27392"}],"curies":[{"name":"wp","href":"https:\/\/api.w.org\/{rel}","templated":true}]}}